{"id":110643,"date":"2018-07-06T10:34:29","date_gmt":"2018-07-06T13:34:29","guid":{"rendered":"http:\/\/diarioregionaljf.com.br\/?p=110643"},"modified":"2018-07-06T10:35:56","modified_gmt":"2018-07-06T13:35:56","slug":"assaltantes-rendem-moradores-e-roubam-casa","status":"publish","type":"post","link":"https:\/\/diarioregionaldigital.com.br\/?p=110643","title":{"rendered":"Assaltantes rendem moradores e roubam casa"},"content":{"rendered":"<p>Na noite dessa quinta-feira, duas pessoas, de 44 e 51 anos, foram assaltadas dentro da pr\u00f3pria resid\u00eancia, localizada na Rua Dr. Ivan Dias Raymundo, Bairro Spina Valle II, Cidade Alta.<\/p>\n<p>Segundo a Pol\u00edcia Militar (PM), uma das v\u00edtimas, de 44 anos, relatou que, por volta das 19h40, chegou em sua casa, estacionou o ve\u00edculo na garagem e quando desembarcou foi surpreendida por dois indiv\u00edduos, trajando toucas ninjas.<\/p>\n<p>De acordo com os militares, os autores estavam escondidos em um arbusto em frente \u00e0 porta principal da resid\u00eancia, sendo que um deles portava uma arma de fogo inox. Eles entraram na casa, renderam todas as pessoas presentes e vasculharam todos os c\u00f4modos procurando dinheiro e j\u00f3ias. Ap\u00f3s o roubo, as v\u00edtimas foram trancadas em um quarto utilizado como dispensa e os indiv\u00edduos fugiram.<\/p>\n<p>Foram levados tr\u00eas rel\u00f3gios, j\u00f3ias diversas e R$7.000 em moeda corrente.<\/p>\n<p>Os suspeitos n\u00e3o foram localizados.<\/p>\n<p>&nbsp;<\/p>\n<p>Fonte: Assessoria da PM<\/p>\n","protected":false},"excerpt":{"rendered":"<p>Na noite dessa quinta-feira, duas pessoas, de 44 e 51 anos, foram assaltadas dentro da pr\u00f3pria resid\u00eancia, localizada na Rua Dr. Ivan Dias Raymundo, Bairro Spina Valle II, Cidade Alta. Segundo a Pol\u00edcia Militar (PM), uma das v\u00edtimas, de 44 anos, relatou que, por volta das 19h40, chegou em sua casa, estacionou o ve\u00edculo na [&hellip;]<\/p>\n","protected":false},"author":96,"featured_media":97342,"comment_status":"closed","ping_status":"closed","sticky":false,"template":"","format":"standard","meta":{"footnotes":""},"categories":[301,439],"tags":[],"class_list":["post-110643","post","type-post","status-publish","format-standard","has-post-thumbnail","hentry","category-artigos-policiais","category-ultima-hora"],"_links":{"self":[{"href":"https:\/\/diarioregionaldigital.com.br\/index.php?rest_route=\/wp\/v2\/posts\/110643","targetHints":{"allow":["GET"]}}],"collection":[{"href":"https:\/\/diarioregionaldigital.com.br\/index.php?rest_route=\/wp\/v2\/posts"}],"about":[{"href":"https:\/\/diarioregionaldigital.com.br\/index.php?rest_route=\/wp\/v2\/types\/post"}],"author":[{"embeddable":true,"href":"https:\/\/diarioregionaldigital.com.br\/index.php?rest_route=\/wp\/v2\/users\/96"}],"replies":[{"embeddable":true,"href":"https:\/\/diarioregionaldigital.com.br\/index.php?rest_route=%2Fwp%2Fv2%2Fcomments&post=110643"}],"version-history":[{"count":0,"href":"https:\/\/diarioregionaldigital.com.br\/index.php?rest_route=\/wp\/v2\/posts\/110643\/revisions"}],"wp:featuredmedia":[{"embeddable":true,"href":"https:\/\/diarioregionaldigital.com.br\/index.php?rest_route=\/wp\/v2\/media\/97342"}],"wp:attachment":[{"href":"https:\/\/diarioregionaldigital.com.br\/index.php?rest_route=%2Fwp%2Fv2%2Fmedia&parent=110643"}],"wp:term":[{"taxonomy":"category","embeddable":true,"href":"https:\/\/diarioregionaldigital.com.br\/index.php?rest_route=%2Fwp%2Fv2%2Fcategories&post=110643"},{"taxonomy":"post_tag","embeddable":true,"href":"https:\/\/diarioregionaldigital.com.br\/index.php?rest_route=%2Fwp%2Fv2%2Ftags&post=110643"}],"curies":[{"name":"wp","href":"https:\/\/api.w.org\/{rel}","templated":true}]}}