{"id":110640,"date":"2018-07-06T09:55:27","date_gmt":"2018-07-06T12:55:27","guid":{"rendered":"http:\/\/diarioregionaljf.com.br\/?p=110640"},"modified":"2018-07-06T09:55:27","modified_gmt":"2018-07-06T12:55:27","slug":"mulher-acusa-marido-de-furtar-carro","status":"publish","type":"post","link":"https:\/\/diarioregionaldigital.com.br\/?p=110640","title":{"rendered":"Mulher acusa marido de furtar carro"},"content":{"rendered":"<p>Na tarde dessa quinta-feira, 5, uma mulher, de 34 anos, prestou queixa contra o seu marido, de 30 anos, pelo furto do seu ve\u00edculo.<\/p>\n<p>Segundo as informa\u00e7\u00f5es da Pol\u00edcia Militar (PM), a v\u00edtima relatou que ap\u00f3s uma discuss\u00e3o com o seu esposo, ocasionando o rompimento do relacionamento, a mulher foi para a casa de seus pais. Ao retornar \u00e0 sua resid\u00eancia, no Bairro Santa Helena, regi\u00e3o central, percebeu que o ve\u00edculo n\u00e3o se encontrava no local.<\/p>\n<p>A mulher foi orientada pelos militares quanto \u00e0s demais provid\u00eancias.<\/p>\n<p><strong>Outros furtos de carro na cidade <\/strong><\/p>\n<p>Ainda na noite dessa quinta-feira, 5, um homem de, 28 anos, que trabalha fazendo entregas de medicamentos, teve produtos roubados do seu ve\u00edculo, na Rua Santa Rita, regi\u00e3o central.<\/p>\n<p>Segundo as informa\u00e7\u00f5es da Pol\u00edcia Militar, a v\u00edtima relatou que, ap\u00f3s voltar de uma entrega em uma drogaria, se deparou com o ve\u00edculo com as portas abertas e notou que foram levados os rem\u00e9dios que estavam no seu interior. O homem n\u00e3o apresentou suspeitos.<\/p>\n<p>J\u00e1 na Rua General Feliciano Lima, bairro Ara\u00fajo, zona Norte da cidade, uma moto JTA\/ Suziki, cor amarela, foi furtada. Segundo a v\u00edtima, de 53 anos, ele deixou o ve\u00edculo no local e ao retornar n\u00e3o a encontrou mais. O homem tamb\u00e9m n\u00e3o apresentou suspeitos.<\/p>\n<p>&nbsp;<\/p>\n<p>Fonte: Assessoria da PM<\/p>\n","protected":false},"excerpt":{"rendered":"<p>Na tarde dessa quinta-feira, 5, uma mulher, de 34 anos, prestou queixa contra o seu marido, de 30 anos, pelo furto do seu ve\u00edculo. Segundo as informa\u00e7\u00f5es da Pol\u00edcia Militar (PM), a v\u00edtima relatou que ap\u00f3s uma discuss\u00e3o com o seu esposo, ocasionando o rompimento do relacionamento, a mulher foi para a casa de seus [&hellip;]<\/p>\n","protected":false},"author":96,"featured_media":97342,"comment_status":"closed","ping_status":"closed","sticky":false,"template":"","format":"standard","meta":{"footnotes":""},"categories":[301,439],"tags":[],"class_list":["post-110640","post","type-post","status-publish","format-standard","has-post-thumbnail","hentry","category-artigos-policiais","category-ultima-hora"],"_links":{"self":[{"href":"https:\/\/diarioregionaldigital.com.br\/index.php?rest_route=\/wp\/v2\/posts\/110640","targetHints":{"allow":["GET"]}}],"collection":[{"href":"https:\/\/diarioregionaldigital.com.br\/index.php?rest_route=\/wp\/v2\/posts"}],"about":[{"href":"https:\/\/diarioregionaldigital.com.br\/index.php?rest_route=\/wp\/v2\/types\/post"}],"author":[{"embeddable":true,"href":"https:\/\/diarioregionaldigital.com.br\/index.php?rest_route=\/wp\/v2\/users\/96"}],"replies":[{"embeddable":true,"href":"https:\/\/diarioregionaldigital.com.br\/index.php?rest_route=%2Fwp%2Fv2%2Fcomments&post=110640"}],"version-history":[{"count":0,"href":"https:\/\/diarioregionaldigital.com.br\/index.php?rest_route=\/wp\/v2\/posts\/110640\/revisions"}],"wp:featuredmedia":[{"embeddable":true,"href":"https:\/\/diarioregionaldigital.com.br\/index.php?rest_route=\/wp\/v2\/media\/97342"}],"wp:attachment":[{"href":"https:\/\/diarioregionaldigital.com.br\/index.php?rest_route=%2Fwp%2Fv2%2Fmedia&parent=110640"}],"wp:term":[{"taxonomy":"category","embeddable":true,"href":"https:\/\/diarioregionaldigital.com.br\/index.php?rest_route=%2Fwp%2Fv2%2Fcategories&post=110640"},{"taxonomy":"post_tag","embeddable":true,"href":"https:\/\/diarioregionaldigital.com.br\/index.php?rest_route=%2Fwp%2Fv2%2Ftags&post=110640"}],"curies":[{"name":"wp","href":"https:\/\/api.w.org\/{rel}","templated":true}]}}