{"id":110633,"date":"2018-07-06T09:00:16","date_gmt":"2018-07-06T12:00:16","guid":{"rendered":"http:\/\/diarioregionaljf.com.br\/?p=110633"},"modified":"2018-07-06T09:06:31","modified_gmt":"2018-07-06T12:06:31","slug":"assaltantes-sao-presos-apos-serem-reconhecidos-pelas-cameras-do-olho-vivo","status":"publish","type":"post","link":"https:\/\/diarioregionaldigital.com.br\/?p=110633","title":{"rendered":"Assaltantes s\u00e3o presos ap\u00f3s serem reconhecidos pelas c\u00e2meras do \u201cOlho Vivo\u201d"},"content":{"rendered":"<p>Na madrugada dessa sexta-feira, 6, um homem, de 33 anos, foi preso pela Pol\u00edcia Militar (PM), sendo reconhecido com a ajuda do programa \u201cOlho Vivo\u201d ao assaltar uma jovem, de 25 anos, na Avenida Rio Branco, regi\u00e3o central da cidade.<\/p>\n<p>Segundo as informa\u00e7\u00f5es da PM, a v\u00edtima relatou que foi amea\u00e7ada pelo suspeito com uma pedra, sendo obrigada a entregar a quantia de R$5, que estava com ela. Ap\u00f3s o roubo, o autor fugiu do local.<\/p>\n<p>Durante o rastreamento, os militares localizaram o homem e com ele foi encontrada a quantia de R$6,30 e um cart\u00e3o de passe livre.<\/p>\n<p>A mulher fez o reconhecimento, o rapaz foi preso em flagrante e conduzido \u00e0 delegacia.<\/p>\n<p><strong>\u00a0<\/strong><\/p>\n<p><strong>Bairro S\u00e3o Matheus <\/strong><\/p>\n<p>Outro homem, de 35 anos, foi preso na tarde dessa quinta-feira, 5, no Bairro S\u00e3o Matheus, regi\u00e3o central, ap\u00f3s tamb\u00e9m ser reconhecido com o aux\u00edlio das c\u00e2meras do \u201cOlho Vivo\u201d. O autor abordou \u00a0uma mulher, de 48 anos, com uma arma de fogo e roubou sua mochila com todos os pertences.<\/p>\n<p>Segundo as informa\u00e7\u00f5es da Pol\u00edcia Militar (PM), populares ainda disseram terem visto o suspeito entregando a arma a um terceiro indiv\u00edduo n\u00e3o identificado.<\/p>\n<p>Mediante aos fatos, o autor foi preso em flagrante e conduzido \u00e0 presen\u00e7a da autoridade de policia judici\u00e1ria para demais provid\u00eancias.<\/p>\n<p>&nbsp;<\/p>\n<p>Fonte: Assessoria da PM<\/p>\n","protected":false},"excerpt":{"rendered":"<p>Na madrugada dessa sexta-feira, 6, um homem, de 33 anos, foi preso pela Pol\u00edcia Militar (PM), sendo reconhecido com a ajuda do programa \u201cOlho Vivo\u201d ao assaltar uma jovem, de 25 anos, na Avenida Rio Branco, regi\u00e3o central da cidade. Segundo as informa\u00e7\u00f5es da PM, a v\u00edtima relatou que foi amea\u00e7ada pelo suspeito com uma [&hellip;]<\/p>\n","protected":false},"author":96,"featured_media":97342,"comment_status":"closed","ping_status":"closed","sticky":false,"template":"","format":"standard","meta":{"footnotes":""},"categories":[301,439],"tags":[],"class_list":["post-110633","post","type-post","status-publish","format-standard","has-post-thumbnail","hentry","category-artigos-policiais","category-ultima-hora"],"_links":{"self":[{"href":"https:\/\/diarioregionaldigital.com.br\/index.php?rest_route=\/wp\/v2\/posts\/110633","targetHints":{"allow":["GET"]}}],"collection":[{"href":"https:\/\/diarioregionaldigital.com.br\/index.php?rest_route=\/wp\/v2\/posts"}],"about":[{"href":"https:\/\/diarioregionaldigital.com.br\/index.php?rest_route=\/wp\/v2\/types\/post"}],"author":[{"embeddable":true,"href":"https:\/\/diarioregionaldigital.com.br\/index.php?rest_route=\/wp\/v2\/users\/96"}],"replies":[{"embeddable":true,"href":"https:\/\/diarioregionaldigital.com.br\/index.php?rest_route=%2Fwp%2Fv2%2Fcomments&post=110633"}],"version-history":[{"count":0,"href":"https:\/\/diarioregionaldigital.com.br\/index.php?rest_route=\/wp\/v2\/posts\/110633\/revisions"}],"wp:featuredmedia":[{"embeddable":true,"href":"https:\/\/diarioregionaldigital.com.br\/index.php?rest_route=\/wp\/v2\/media\/97342"}],"wp:attachment":[{"href":"https:\/\/diarioregionaldigital.com.br\/index.php?rest_route=%2Fwp%2Fv2%2Fmedia&parent=110633"}],"wp:term":[{"taxonomy":"category","embeddable":true,"href":"https:\/\/diarioregionaldigital.com.br\/index.php?rest_route=%2Fwp%2Fv2%2Fcategories&post=110633"},{"taxonomy":"post_tag","embeddable":true,"href":"https:\/\/diarioregionaldigital.com.br\/index.php?rest_route=%2Fwp%2Fv2%2Ftags&post=110633"}],"curies":[{"name":"wp","href":"https:\/\/api.w.org\/{rel}","templated":true}]}}