{"id":110629,"date":"2018-07-06T08:26:39","date_gmt":"2018-07-06T11:26:39","guid":{"rendered":"http:\/\/diarioregionaljf.com.br\/?p=110629"},"modified":"2018-07-06T08:26:58","modified_gmt":"2018-07-06T11:26:58","slug":"temporada-dos-jogos-sesi-comeca-neste-domingo","status":"publish","type":"post","link":"https:\/\/diarioregionaldigital.com.br\/?p=110629","title":{"rendered":"Temporada dos Jogos SESI come\u00e7a neste domingo"},"content":{"rendered":"<p>A FIEMG Regional Zona da Mata, atrav\u00e9s do SESI Juiz de Fora, realiza no pr\u00f3ximo domingo, 8, a solenidade e o desfile de abertura da 32\u00aa edi\u00e7\u00e3o dos Jogos SESI Juiz de Fora &#8211; fase municipal 2018. O evento acontecer\u00e1 no gin\u00e1sio localizado dentro do Centro Esportivo do Trabalhador \u201cJos\u00e9 Weiss\u201d, na Av. Brasil, n\u00ba 3.357. A cerim\u00f4nia ter\u00e1 in\u00edcio \u00e0s 9h30, e contar\u00e1 com a presen\u00e7a do presidente da FIEMG Regional Zona da Mata, Aur\u00e9lio Marangon Sobrinho, al\u00e9m de presidentes de Sindicatos, gerentes das unidades SESI\/SENAI e empres\u00e1rios. Participam da competi\u00e7\u00e3o este ano\u00a026\u00a0empresas, com cerca de 1.500 atletas\/trabalhadores, que disputar\u00e3o\u00a016\u00a0modalidades esportivas, nas categorias masculino e feminino, durante todo o m\u00eas.<\/p>\n<p>Ser\u00e3o disputados esportes coletivos como futebol, v\u00f4lei e basquete; esportes individuais como atletismo, nata\u00e7\u00e3o e xadrez; e modalidades em duplas, como truco e peteca. A solenidade contar\u00e1 com o juramento dos atletas e ainda com o acendimento da pira ol\u00edmpica.\u00a0O\u00a0SESI tamb\u00e9m ir\u00e1 disponibilizar uma \u00e1rea de lazer com brinquedos infl\u00e1veis e muitas atividades para as crian\u00e7as que comparecerem ao desfile. Ao final do evento, j\u00e1 ser\u00e1 realizada a primeira competi\u00e7\u00e3o do torneio, com uma disputa entre as empresas na modalidade cabo de guerra.<\/p>\n<p>Na opini\u00e3o do gerente das unidades do SESI Juiz de Fora, Jos\u00e9 Ant\u00f4nio Bara Miguel, os Jogos SESI conseguem estimular nos participantes, por meio do esporte, atitudes positivas que certamente podem ser aplicadas no ambiente de trabalho, como o esp\u00edrito de equipe, a capacidade de superar desafios, a disciplina, o comprometimento e a persist\u00eancia para conquistar objetivos.<\/p>\n<p>&nbsp;<\/p>\n<p><strong>Solenidade e Desfile de Abertura dos Jogos SESI &#8211; 2018<\/strong><\/p>\n<p>Data:\u00a008\/07\/2018 (domingo)<\/p>\n<p>Hor\u00e1rio:\u00a09h30<\/p>\n<p>Local:\u00a0Gin\u00e1sio do\u00a0SESI &#8211;\u00a0Centro Esportivo do Trabalhador \u201cJos\u00e9 Weiss\u201d (Av. Brasil, n\u00ba 3.357, Centro).<\/p>\n<p>&nbsp;<\/p>\n<p>&nbsp;<\/p>\n<p>Fonte: Assessoria<\/p>\n","protected":false},"excerpt":{"rendered":"<p>A FIEMG Regional Zona da Mata, atrav\u00e9s do SESI Juiz de Fora, realiza no pr\u00f3ximo domingo, 8, a solenidade e o desfile de abertura da 32\u00aa edi\u00e7\u00e3o dos Jogos SESI Juiz de Fora &#8211; fase municipal 2018. O evento acontecer\u00e1 no gin\u00e1sio localizado dentro do Centro Esportivo do Trabalhador \u201cJos\u00e9 Weiss\u201d, na Av. Brasil, n\u00ba [&hellip;]<\/p>\n","protected":false},"author":96,"featured_media":105098,"comment_status":"closed","ping_status":"closed","sticky":false,"template":"","format":"standard","meta":{"footnotes":""},"categories":[253,439],"tags":[],"class_list":["post-110629","post","type-post","status-publish","format-standard","has-post-thumbnail","hentry","category-cidade","category-ultima-hora"],"_links":{"self":[{"href":"https:\/\/diarioregionaldigital.com.br\/index.php?rest_route=\/wp\/v2\/posts\/110629","targetHints":{"allow":["GET"]}}],"collection":[{"href":"https:\/\/diarioregionaldigital.com.br\/index.php?rest_route=\/wp\/v2\/posts"}],"about":[{"href":"https:\/\/diarioregionaldigital.com.br\/index.php?rest_route=\/wp\/v2\/types\/post"}],"author":[{"embeddable":true,"href":"https:\/\/diarioregionaldigital.com.br\/index.php?rest_route=\/wp\/v2\/users\/96"}],"replies":[{"embeddable":true,"href":"https:\/\/diarioregionaldigital.com.br\/index.php?rest_route=%2Fwp%2Fv2%2Fcomments&post=110629"}],"version-history":[{"count":0,"href":"https:\/\/diarioregionaldigital.com.br\/index.php?rest_route=\/wp\/v2\/posts\/110629\/revisions"}],"wp:featuredmedia":[{"embeddable":true,"href":"https:\/\/diarioregionaldigital.com.br\/index.php?rest_route=\/wp\/v2\/media\/105098"}],"wp:attachment":[{"href":"https:\/\/diarioregionaldigital.com.br\/index.php?rest_route=%2Fwp%2Fv2%2Fmedia&parent=110629"}],"wp:term":[{"taxonomy":"category","embeddable":true,"href":"https:\/\/diarioregionaldigital.com.br\/index.php?rest_route=%2Fwp%2Fv2%2Fcategories&post=110629"},{"taxonomy":"post_tag","embeddable":true,"href":"https:\/\/diarioregionaldigital.com.br\/index.php?rest_route=%2Fwp%2Fv2%2Ftags&post=110629"}],"curies":[{"name":"wp","href":"https:\/\/api.w.org\/{rel}","templated":true}]}}