{"id":110617,"date":"2018-07-07T22:00:25","date_gmt":"2018-07-08T01:00:25","guid":{"rendered":"http:\/\/diarioregionaljf.com.br\/?p=110617"},"modified":"2018-07-09T16:35:41","modified_gmt":"2018-07-09T19:35:41","slug":"110617","status":"publish","type":"post","link":"https:\/\/diarioregionaldigital.com.br\/?p=110617","title":{"rendered":"Meu Brasil Brasileiro"},"content":{"rendered":"<p style=\"text-align: center;\"><strong>Patrim\u00f4nio<\/strong><\/p>\n<p style=\"text-align: center;\">Tombado em 1999, a Villa Iracema, casar\u00e3o na Rua Esp\u00edrito Santo protagonista de um luxuoso palacete no passado em Juiz de Fora vai ganhar restaura\u00e7\u00e3o. O espa\u00e7o com refer\u00eancias ecl\u00e9ticas e em art nouveau utilizando materiais luxuosos vindos da Europa, \u00e9 exemplar que retoma per\u00edodos \u00e1ureos do centro da cidade. Segundo o Hospital Oncol\u00f3gico, propriet\u00e1rio do im\u00f3vel, o uso do pr\u00e9dio ainda n\u00e3o foi definido.<\/p>\n<p style=\"text-align: center;\"><strong>Informa\u00e7\u00e3o Estrat\u00e9gica<\/strong><\/p>\n<p style=\"text-align: center;\">A obrigatoriedade de apresenta\u00e7\u00e3o do Registro 0210 do Bloco K, que impunha \u00e0s empresas a exig\u00eancia de apresenta\u00e7\u00f5es sobre o consumo de insumos utilizados nos seus processos produtivos foi revogada pela Secretaria da Fazenda de Minas. A Resolu\u00e7\u00e3o 5.151\/18 foi publicada no Di\u00e1rio Oficial de Minas Gerais.<\/p>\n<p style=\"text-align: center;\"><strong>Olhar S\u00f3 <\/strong><\/p>\n<p style=\"text-align: center;\">A Odebrecht est\u00e1 perto de passar um novo sufoco financeiro, assim como ocorreu em maio quando conseguiu no \u00faltimo dia do prazo R$500 milh\u00f5es para quitar uma de suas d\u00edvidas e n\u00e3o entrar em default. Para a liberta\u00e7\u00e3o de R$900 milh\u00f5es fundamental para o pagamento de dividas que vencem em outubro, s\u00f3 a Petrobras autorizar que a Odebrecht d\u00ea suas a\u00e7\u00f5es da Braskem em aliena\u00e7\u00e3o fiduci\u00e1ria e isso ainda n\u00e3o aconteceu.<\/p>\n<p style=\"text-align: center;\"><strong>Elei\u00e7\u00f5es 2018<\/strong><\/p>\n<p style=\"text-align: center;\">Quem conversa com mais vagar com Josu\u00e9 Alencar sai com certeza de que o dono da Coteminas e filho de Jos\u00e9 de Alencar n\u00e3o ser\u00e1 candidato a vice-presidente de ningu\u00e9m nesta. elei\u00e7\u00e3o. Mas mineiro como nunca, sempre deixa uma porta aberta.<\/p>\n<p style=\"text-align: center;\"><strong>Recado<\/strong><\/p>\n<p style=\"text-align: center;\">Do Rio de Janeiro chega convite para a quinta edi\u00e7\u00e3o do Scrum Gathering, evento de coaching e gest\u00e3o, entre os dias 26 e 28 de julho, no Hilton Hotel.<\/p>\n<p style=\"text-align: center;\"><span style=\"font-size: 14pt;\"><strong>Meu Brasil Brasileiro<\/strong><\/span><\/p>\n<p style=\"text-align: center;\">Gente bonita e antenada circularam pelos 4 cantos de Juiz de Fora, Minas Gerais e por todo o Brasil num ol\u00ea-ol\u00ea torcendo pelo Brasil na Copa do Mundo de Futebol. A cada esquina, uma buzina, vuvuzela ou apito aos gritos de gol revelava o esp\u00edrito patri\u00f3tico de cada um dos brasileiros. Selecionamos gente linda trabalhados no verde e amarelo. Confiram.<\/p>\n<div id=\"attachment_110578\" style=\"width: 690px\" class=\"wp-caption aligncenter\"><img loading=\"lazy\" decoding=\"async\" aria-describedby=\"caption-attachment-110578\" class=\"wp-image-110578\" src=\"http:\/\/diarioregionaljf.com.br\/wp-content\/uploads\/2018\/07\/fotoa-4-e1530833398307.jpg\" alt=\"\" width=\"680\" height=\"460\" srcset=\"https:\/\/diarioregionaldigital.com.br\/wp-content\/uploads\/2018\/07\/fotoa-4-e1530833398307.jpg 960w, https:\/\/diarioregionaldigital.com.br\/wp-content\/uploads\/2018\/07\/fotoa-4-e1530833398307-300x203.jpg 300w, https:\/\/diarioregionaldigital.com.br\/wp-content\/uploads\/2018\/07\/fotoa-4-e1530833398307-768x520.jpg 768w, https:\/\/diarioregionaldigital.com.br\/wp-content\/uploads\/2018\/07\/fotoa-4-e1530833398307-360x244.jpg 360w\" sizes=\"auto, (max-width: 680px) 100vw, 680px\" \/><p id=\"caption-attachment-110578\" class=\"wp-caption-text\">No Privil\u00e9ge os lindos Raquel Caputo, Lucas Lorhan e Ana Carla<\/p><\/div>\n<div id=\"attachment_110579\" style=\"width: 690px\" class=\"wp-caption aligncenter\"><img loading=\"lazy\" decoding=\"async\" aria-describedby=\"caption-attachment-110579\" class=\"wp-image-110579\" src=\"http:\/\/diarioregionaljf.com.br\/wp-content\/uploads\/2018\/07\/fotoaa-1-e1530833478761.jpg\" alt=\"\" width=\"680\" height=\"719\" srcset=\"https:\/\/diarioregionaldigital.com.br\/wp-content\/uploads\/2018\/07\/fotoaa-1-e1530833478761.jpg 717w, https:\/\/diarioregionaldigital.com.br\/wp-content\/uploads\/2018\/07\/fotoaa-1-e1530833478761-284x300.jpg 284w, https:\/\/diarioregionaldigital.com.br\/wp-content\/uploads\/2018\/07\/fotoaa-1-e1530833478761-360x381.jpg 360w\" sizes=\"auto, (max-width: 680px) 100vw, 680px\" \/><p id=\"caption-attachment-110579\" class=\"wp-caption-text\">Damon Octaciano, Brasil-Brasileiro<\/p><\/div>\n<div id=\"attachment_110580\" style=\"width: 690px\" class=\"wp-caption aligncenter\"><img loading=\"lazy\" decoding=\"async\" aria-describedby=\"caption-attachment-110580\" class=\"wp-image-110580\" src=\"http:\/\/diarioregionaljf.com.br\/wp-content\/uploads\/2018\/07\/fotob-4.jpg\" alt=\"\" width=\"680\" height=\"724\" srcset=\"https:\/\/diarioregionaldigital.com.br\/wp-content\/uploads\/2018\/07\/fotob-4.jpg 720w, https:\/\/diarioregionaldigital.com.br\/wp-content\/uploads\/2018\/07\/fotob-4-282x300.jpg 282w, https:\/\/diarioregionaldigital.com.br\/wp-content\/uploads\/2018\/07\/fotob-4-360x384.jpg 360w\" sizes=\"auto, (max-width: 680px) 100vw, 680px\" \/><p id=\"caption-attachment-110580\" class=\"wp-caption-text\">A linda Fernanda Alessi com brincos by Candy Brasil<\/p><\/div>\n<div id=\"attachment_110583\" style=\"width: 690px\" class=\"wp-caption aligncenter\"><img loading=\"lazy\" decoding=\"async\" aria-describedby=\"caption-attachment-110583\" class=\"wp-image-110583\" src=\"http:\/\/diarioregionaljf.com.br\/wp-content\/uploads\/2018\/07\/fotod-4.jpg\" alt=\"\" width=\"680\" height=\"510\" srcset=\"https:\/\/diarioregionaldigital.com.br\/wp-content\/uploads\/2018\/07\/fotod-4.jpg 816w, https:\/\/diarioregionaldigital.com.br\/wp-content\/uploads\/2018\/07\/fotod-4-300x225.jpg 300w, https:\/\/diarioregionaldigital.com.br\/wp-content\/uploads\/2018\/07\/fotod-4-768x576.jpg 768w, https:\/\/diarioregionaldigital.com.br\/wp-content\/uploads\/2018\/07\/fotod-4-360x270.jpg 360w\" sizes=\"auto, (max-width: 680px) 100vw, 680px\" \/><p id=\"caption-attachment-110583\" class=\"wp-caption-text\">Na Esta\u00e7\u00e3o Grill, as brasileiras, Aura Lamha Carneiro, Eliana Lamha e Terezinha Filgueiras<\/p><\/div>\n<div id=\"attachment_110584\" style=\"width: 690px\" class=\"wp-caption aligncenter\"><img loading=\"lazy\" decoding=\"async\" aria-describedby=\"caption-attachment-110584\" class=\"wp-image-110584\" src=\"http:\/\/diarioregionaljf.com.br\/wp-content\/uploads\/2018\/07\/fotoe-4.jpg\" alt=\"\" width=\"680\" height=\"510\" srcset=\"https:\/\/diarioregionaldigital.com.br\/wp-content\/uploads\/2018\/07\/fotoe-4.jpg 960w, https:\/\/diarioregionaldigital.com.br\/wp-content\/uploads\/2018\/07\/fotoe-4-300x225.jpg 300w, https:\/\/diarioregionaldigital.com.br\/wp-content\/uploads\/2018\/07\/fotoe-4-768x576.jpg 768w, https:\/\/diarioregionaldigital.com.br\/wp-content\/uploads\/2018\/07\/fotoe-4-360x270.jpg 360w\" sizes=\"auto, (max-width: 680px) 100vw, 680px\" \/><p id=\"caption-attachment-110584\" class=\"wp-caption-text\">No Terrazzo, os lindos Jo\u00e3o Tavares e Rosenberg Frizeiro<\/p><\/div>\n<div id=\"attachment_110585\" style=\"width: 690px\" class=\"wp-caption aligncenter\"><img loading=\"lazy\" decoding=\"async\" aria-describedby=\"caption-attachment-110585\" class=\"wp-image-110585\" src=\"http:\/\/diarioregionaljf.com.br\/wp-content\/uploads\/2018\/07\/fotof.png\" alt=\"\" width=\"680\" height=\"776\" srcset=\"https:\/\/diarioregionaldigital.com.br\/wp-content\/uploads\/2018\/07\/fotof.png 720w, https:\/\/diarioregionaldigital.com.br\/wp-content\/uploads\/2018\/07\/fotof-263x300.png 263w, https:\/\/diarioregionaldigital.com.br\/wp-content\/uploads\/2018\/07\/fotof-360x411.png 360w\" sizes=\"auto, (max-width: 680px) 100vw, 680px\" \/><p id=\"caption-attachment-110585\" class=\"wp-caption-text\">Deslumbrante top no universo Brasil, Fernanda Carvalho<\/p><\/div>\n<div id=\"attachment_110586\" style=\"width: 690px\" class=\"wp-caption aligncenter\"><img loading=\"lazy\" decoding=\"async\" aria-describedby=\"caption-attachment-110586\" class=\"wp-image-110586\" src=\"http:\/\/diarioregionaljf.com.br\/wp-content\/uploads\/2018\/07\/fotog-3.jpg\" alt=\"\" width=\"680\" height=\"850\" srcset=\"https:\/\/diarioregionaldigital.com.br\/wp-content\/uploads\/2018\/07\/fotog-3.jpg 768w, https:\/\/diarioregionaldigital.com.br\/wp-content\/uploads\/2018\/07\/fotog-3-240x300.jpg 240w, https:\/\/diarioregionaldigital.com.br\/wp-content\/uploads\/2018\/07\/fotog-3-360x450.jpg 360w\" sizes=\"auto, (max-width: 680px) 100vw, 680px\" \/><p id=\"caption-attachment-110586\" class=\"wp-caption-text\">Candidato a maior torcedor do Brasil, o top farmac\u00eautico, Josean Pestana<\/p><\/div>\n<div id=\"attachment_110587\" style=\"width: 690px\" class=\"wp-caption aligncenter\"><img loading=\"lazy\" decoding=\"async\" aria-describedby=\"caption-attachment-110587\" class=\"wp-image-110587\" src=\"http:\/\/diarioregionaljf.com.br\/wp-content\/uploads\/2018\/07\/fotoh-4-e1530833899746.jpg\" alt=\"\" width=\"680\" height=\"519\" srcset=\"https:\/\/diarioregionaldigital.com.br\/wp-content\/uploads\/2018\/07\/fotoh-4-e1530833899746.jpg 720w, https:\/\/diarioregionaldigital.com.br\/wp-content\/uploads\/2018\/07\/fotoh-4-e1530833899746-300x229.jpg 300w, https:\/\/diarioregionaldigital.com.br\/wp-content\/uploads\/2018\/07\/fotoh-4-e1530833899746-360x275.jpg 360w\" sizes=\"auto, (max-width: 680px) 100vw, 680px\" \/><p id=\"caption-attachment-110587\" class=\"wp-caption-text\">Direto do Privil\u00e9ge no Grito Brasilll&#8230; Lorena Rodrigues e Diley Almeida<\/p><\/div>\n<div id=\"attachment_110590\" style=\"width: 690px\" class=\"wp-caption aligncenter\"><img loading=\"lazy\" decoding=\"async\" aria-describedby=\"caption-attachment-110590\" class=\"wp-image-110590\" src=\"http:\/\/diarioregionaljf.com.br\/wp-content\/uploads\/2018\/07\/fotoj-2-e1530833983258.jpg\" alt=\"\" width=\"680\" height=\"816\" \/><p id=\"caption-attachment-110590\" class=\"wp-caption-text\">Lissandro Reis no seu Brasil at\u00e9 morrer<\/p><\/div>\n<div id=\"attachment_110591\" style=\"width: 690px\" class=\"wp-caption aligncenter\"><img loading=\"lazy\" decoding=\"async\" aria-describedby=\"caption-attachment-110591\" class=\"wp-image-110591\" src=\"http:\/\/diarioregionaljf.com.br\/wp-content\/uploads\/2018\/07\/fotol-1-e1530834199560.jpg\" alt=\"\" width=\"680\" height=\"541\" srcset=\"https:\/\/diarioregionaldigital.com.br\/wp-content\/uploads\/2018\/07\/fotol-1-e1530834199560.jpg 729w, https:\/\/diarioregionaldigital.com.br\/wp-content\/uploads\/2018\/07\/fotol-1-e1530834199560-300x239.jpg 300w, https:\/\/diarioregionaldigital.com.br\/wp-content\/uploads\/2018\/07\/fotol-1-e1530834199560-360x286.jpg 360w\" sizes=\"auto, (max-width: 680px) 100vw, 680px\" \/><p id=\"caption-attachment-110591\" class=\"wp-caption-text\">Caio Penha Revestido de Brasil<\/p><\/div>\n<div id=\"attachment_110596\" style=\"width: 690px\" class=\"wp-caption aligncenter\"><img loading=\"lazy\" decoding=\"async\" aria-describedby=\"caption-attachment-110596\" class=\"wp-image-110596\" src=\"http:\/\/diarioregionaljf.com.br\/wp-content\/uploads\/2018\/07\/fotom-1.jpg\" alt=\"\" width=\"680\" height=\"511\" srcset=\"https:\/\/diarioregionaldigital.com.br\/wp-content\/uploads\/2018\/07\/fotom-1.jpg 550w, https:\/\/diarioregionaldigital.com.br\/wp-content\/uploads\/2018\/07\/fotom-1-300x225.jpg 300w, https:\/\/diarioregionaldigital.com.br\/wp-content\/uploads\/2018\/07\/fotom-1-360x270.jpg 360w\" sizes=\"auto, (max-width: 680px) 100vw, 680px\" \/><p id=\"caption-attachment-110596\" class=\"wp-caption-text\">Torcida do D.Pedro II para o Brasil com S\u00e9rgio Garcia e Marcello Brito<\/p><\/div>\n<div id=\"attachment_110597\" style=\"width: 690px\" class=\"wp-caption aligncenter\"><img loading=\"lazy\" decoding=\"async\" aria-describedby=\"caption-attachment-110597\" class=\"wp-image-110597\" src=\"http:\/\/diarioregionaljf.com.br\/wp-content\/uploads\/2018\/07\/foton-1.jpg\" alt=\"\" width=\"680\" height=\"680\" srcset=\"https:\/\/diarioregionaldigital.com.br\/wp-content\/uploads\/2018\/07\/foton-1.jpg 841w, https:\/\/diarioregionaldigital.com.br\/wp-content\/uploads\/2018\/07\/foton-1-150x150.jpg 150w, https:\/\/diarioregionaldigital.com.br\/wp-content\/uploads\/2018\/07\/foton-1-300x300.jpg 300w, https:\/\/diarioregionaldigital.com.br\/wp-content\/uploads\/2018\/07\/foton-1-768x768.jpg 768w, https:\/\/diarioregionaldigital.com.br\/wp-content\/uploads\/2018\/07\/foton-1-180x180.jpg 180w, https:\/\/diarioregionaldigital.com.br\/wp-content\/uploads\/2018\/07\/foton-1-600x600.jpg 600w, https:\/\/diarioregionaldigital.com.br\/wp-content\/uploads\/2018\/07\/foton-1-120x120.jpg 120w, https:\/\/diarioregionaldigital.com.br\/wp-content\/uploads\/2018\/07\/foton-1-360x360.jpg 360w, https:\/\/diarioregionaldigital.com.br\/wp-content\/uploads\/2018\/07\/foton-1-80x80.jpg 80w\" sizes=\"auto, (max-width: 680px) 100vw, 680px\" \/><p id=\"caption-attachment-110597\" class=\"wp-caption-text\">O carioca melhor dan\u00e7arino do Brasil, W\u00eamerson Goulart<\/p><\/div>\n<div id=\"attachment_110604\" style=\"width: 690px\" class=\"wp-caption aligncenter\"><img loading=\"lazy\" decoding=\"async\" aria-describedby=\"caption-attachment-110604\" class=\"wp-image-110604\" src=\"http:\/\/diarioregionaljf.com.br\/wp-content\/uploads\/2018\/07\/fotoo-2.jpg\" alt=\"\" width=\"680\" height=\"510\" srcset=\"https:\/\/diarioregionaldigital.com.br\/wp-content\/uploads\/2018\/07\/fotoo-2.jpg 960w, https:\/\/diarioregionaldigital.com.br\/wp-content\/uploads\/2018\/07\/fotoo-2-300x225.jpg 300w, https:\/\/diarioregionaldigital.com.br\/wp-content\/uploads\/2018\/07\/fotoo-2-768x576.jpg 768w, https:\/\/diarioregionaldigital.com.br\/wp-content\/uploads\/2018\/07\/fotoo-2-360x270.jpg 360w\" sizes=\"auto, (max-width: 680px) 100vw, 680px\" \/><p id=\"caption-attachment-110604\" class=\"wp-caption-text\">A banqueteira Maria C\u00e2ndida com os brasileiros Juracyr Martins e Marcelo Eli<\/p><\/div>\n<div id=\"attachment_110588\" style=\"width: 690px\" class=\"wp-caption aligncenter\"><img loading=\"lazy\" decoding=\"async\" aria-describedby=\"caption-attachment-110588\" class=\"wp-image-110588\" src=\"http:\/\/diarioregionaljf.com.br\/wp-content\/uploads\/2018\/07\/fotoi-3-e1530833839554.jpg\" alt=\"\" width=\"680\" height=\"573\" srcset=\"https:\/\/diarioregionaldigital.com.br\/wp-content\/uploads\/2018\/07\/fotoi-3-e1530833839554.jpg 772w, https:\/\/diarioregionaldigital.com.br\/wp-content\/uploads\/2018\/07\/fotoi-3-e1530833839554-300x253.jpg 300w, https:\/\/diarioregionaldigital.com.br\/wp-content\/uploads\/2018\/07\/fotoi-3-e1530833839554-768x647.jpg 768w, https:\/\/diarioregionaldigital.com.br\/wp-content\/uploads\/2018\/07\/fotoi-3-e1530833839554-360x303.jpg 360w\" sizes=\"auto, (max-width: 680px) 100vw, 680px\" \/><p id=\"caption-attachment-110588\" class=\"wp-caption-text\">Larisa Costa no Eu sou brasileira<\/p><\/div>\n<p style=\"text-align: center;\"><strong>FOTOSS\u00cdNTESE<\/strong><\/p>\n<p>O conceituado e jovem\u00a0arquiteto\u00a0Lucas Lorhan inaugura na 2\u00ba feira, 9 , \u00e0s 12h na Galeria Itala, a bel\u00edssima loja\u201dLorhan Decor\u201d.S\u00e3o produtos solucion\u00e1veis para reformas e decora\u00e7\u00e3o e um cantinho dedicado a eventos. Merci pelo convite.<\/p>\n<p>Myrliane Le\u00e3o muito bonita segue segunda feira,8, para Caraguatatuba(SP).Vai visitar sua elegante m\u00e3e Anette Fajardo.<\/p>\n<p>O talentoso Leandro Martins vai colocar todos para dan\u00e7ar com aul\u00e3o no domingo 8, pela manh\u00e3, na Escola de Samba Uni\u00e3o das Cores, no Milho Branco. Eta lel\u00ea!<\/p>\n<p>O trio mineiro Amaranto vai invadir o palco do Teatro Solar no domingo, 8, e vai apresentar \u00e0s 16h, o show Amarantinho, dentro do projeto Divers\u00e3o em Cena ArcelorMittal. Em cena as irm\u00e3s Fl\u00e1via, L\u00facia e mariana Ferraz. Entrada gr\u00e1tis.<\/p>\n<p>O professor e coordenador do Curso de Odontologia e da P\u00f3s-Odonto da Suprema, Rodrigo Guerra, faz palestra entre os dias 11 e 13 de julho na 53\u00ba Reuni\u00e3o da Associa\u00e7\u00e3o Brasileira de Ensino Odontol\u00f3gico em Bras\u00edlia. No dia 12 ele ir\u00e1 ministrar oficina e palestra sobre os Recursos educacionais inovadores no ensino odontol\u00f3gico.<\/p>\n<p>O din\u00e2mico Roberto Dilly lan\u00e7ou o livro \u201cS\u00e3o Pedro: o cora\u00e7\u00e3o da col\u00f4nia alem\u00e3 de Juiz de Fora\u201d, na festa de n\u00ba 125\u00aa de S\u00e3o Pedro.<\/p>\n<p>Valdir Jr. Convida para o Festival Julino nos dias 13,14 e 15 de julho, das 10 \u00e0s 21h, na Padaria Trigale. Na mesa doces, caldos, bolos e comidas t\u00edpicas. Fica na Av.Rui Barbosa, n\u00ba 1227.<\/p>\n<p>Termina hoje, 8, o evento de vinhos e licores da Zona da Mata \u201dEmp\u00f3rio Wine &amp; Liquor\u201d.Estar\u00e3o reunidos expositores de todo o Brasil, no Hall do Spazio Design, na Ladeira Alexandre Leonel, 221, no Cascatinha.<\/p>\n<p>Durante os jogos da Copa do Mundo de Futebol, a UFJF recebeu mais de 10mil pessoas em 4 jogos e foi considerada o ponto de encontro da torcida verde e amarela mais bonita na cidade.<\/p>\n<p>O mesa-tenista Alexandre Ank conquistou o vice-campeonato da Copa Brasil no Paran\u00e1 trazendo a medalha de prata para Juiz de Fora no teste para o Sul-Americano.<\/p>\n<p>Para comemorar o Dia do Panificador o presidente do Sindipan, Heveraldo Lima de Castro convida para a Missa em A\u00e7\u00e3o de Gra\u00e7as, neste domingo, 8, na Fiemg Regional.<\/p>\n<p>Leandro Nardy de Almeida conceituado advogado com atua\u00e7\u00e3o em Bras\u00edlia, vai receber o t\u00edtulo de Cidad\u00e3o Benem\u00e9rito em projeto de lei aprovado pelo vereador Charlles Evangelista<\/p>\n<p>Para ilhar: N\u00e3o sou eu que durmo tarde&#8230;\u00e9 o sol que acorda cedo. Bom dia.<\/p>\n","protected":false},"excerpt":{"rendered":"<p>Patrim\u00f4nio Tombado em 1999, a Villa Iracema, casar\u00e3o na Rua Esp\u00edrito Santo protagonista de um luxuoso palacete no passado em Juiz de Fora vai ganhar restaura\u00e7\u00e3o. O espa\u00e7o com refer\u00eancias ecl\u00e9ticas e em art nouveau utilizando materiais luxuosos vindos da Europa, \u00e9 exemplar que retoma per\u00edodos \u00e1ureos do centro da cidade. Segundo o Hospital Oncol\u00f3gico, [&hellip;]<\/p>\n","protected":false},"author":96,"featured_media":110578,"comment_status":"closed","ping_status":"closed","sticky":false,"template":"","format":"standard","meta":{"footnotes":""},"categories":[264],"tags":[],"class_list":["post-110617","post","type-post","status-publish","format-standard","has-post-thumbnail","hentry","category-eduardo-gomes"],"_links":{"self":[{"href":"https:\/\/diarioregionaldigital.com.br\/index.php?rest_route=\/wp\/v2\/posts\/110617","targetHints":{"allow":["GET"]}}],"collection":[{"href":"https:\/\/diarioregionaldigital.com.br\/index.php?rest_route=\/wp\/v2\/posts"}],"about":[{"href":"https:\/\/diarioregionaldigital.com.br\/index.php?rest_route=\/wp\/v2\/types\/post"}],"author":[{"embeddable":true,"href":"https:\/\/diarioregionaldigital.com.br\/index.php?rest_route=\/wp\/v2\/users\/96"}],"replies":[{"embeddable":true,"href":"https:\/\/diarioregionaldigital.com.br\/index.php?rest_route=%2Fwp%2Fv2%2Fcomments&post=110617"}],"version-history":[{"count":0,"href":"https:\/\/diarioregionaldigital.com.br\/index.php?rest_route=\/wp\/v2\/posts\/110617\/revisions"}],"wp:featuredmedia":[{"embeddable":true,"href":"https:\/\/diarioregionaldigital.com.br\/index.php?rest_route=\/wp\/v2\/media\/110578"}],"wp:attachment":[{"href":"https:\/\/diarioregionaldigital.com.br\/index.php?rest_route=%2Fwp%2Fv2%2Fmedia&parent=110617"}],"wp:term":[{"taxonomy":"category","embeddable":true,"href":"https:\/\/diarioregionaldigital.com.br\/index.php?rest_route=%2Fwp%2Fv2%2Fcategories&post=110617"},{"taxonomy":"post_tag","embeddable":true,"href":"https:\/\/diarioregionaldigital.com.br\/index.php?rest_route=%2Fwp%2Fv2%2Ftags&post=110617"}],"curies":[{"name":"wp","href":"https:\/\/api.w.org\/{rel}","templated":true}]}}