{"id":110557,"date":"2018-07-08T06:00:21","date_gmt":"2018-07-08T09:00:21","guid":{"rendered":"http:\/\/diarioregionaljf.com.br\/?p=110557"},"modified":"2018-07-05T20:35:49","modified_gmt":"2018-07-05T23:35:49","slug":"in-moda-08-de-julho-de-2018","status":"publish","type":"post","link":"https:\/\/diarioregionaldigital.com.br\/?p=110557","title":{"rendered":"IN MODA &#8211; 08 DE JULHO DE 2018"},"content":{"rendered":"<p style=\"text-align: center;\"><span style=\"font-size: 18pt;\"><strong>FASHION NEWS<\/strong><\/span><\/p>\n<ul>\n<li><strong>\u00a0<\/strong><strong>LGBTQ+<\/strong><\/li>\n<\/ul>\n<p style=\"text-align: center;\"><strong>\u00a0<\/strong>A Adidas reuniu um grupo de artistas, dj\u2019s, estilistas, m\u00fasicos e modelos para celebrar o orgulho LGBTQ+, entre os convidados est\u00e3o Marc Jacobs, Kate Moss, Naomi Campbell, Pharrell Williams, entre outros famosos. Usando valores como igualdade, uni\u00e3o e originalidade cada convidado recriou o modelo Samba da marca, criando uma s\u00e9rie de t\u00eanis exclusivos que est\u00e3o sendo leiloados e toda a renda ser\u00e1 encaminhada para um instituto que luta pela causa.<\/p>\n<p><img loading=\"lazy\" decoding=\"async\" class=\"size-full wp-image-110573 aligncenter\" src=\"http:\/\/diarioregionaljf.com.br\/wp-content\/uploads\/2018\/07\/lgbtq.jpg\" alt=\"\" width=\"1050\" height=\"1050\" srcset=\"https:\/\/diarioregionaldigital.com.br\/wp-content\/uploads\/2018\/07\/lgbtq.jpg 1050w, https:\/\/diarioregionaldigital.com.br\/wp-content\/uploads\/2018\/07\/lgbtq-150x150.jpg 150w, https:\/\/diarioregionaldigital.com.br\/wp-content\/uploads\/2018\/07\/lgbtq-300x300.jpg 300w, https:\/\/diarioregionaldigital.com.br\/wp-content\/uploads\/2018\/07\/lgbtq-768x768.jpg 768w, https:\/\/diarioregionaldigital.com.br\/wp-content\/uploads\/2018\/07\/lgbtq-1024x1024.jpg 1024w, https:\/\/diarioregionaldigital.com.br\/wp-content\/uploads\/2018\/07\/lgbtq-180x180.jpg 180w, https:\/\/diarioregionaldigital.com.br\/wp-content\/uploads\/2018\/07\/lgbtq-600x600.jpg 600w, https:\/\/diarioregionaldigital.com.br\/wp-content\/uploads\/2018\/07\/lgbtq-120x120.jpg 120w, https:\/\/diarioregionaldigital.com.br\/wp-content\/uploads\/2018\/07\/lgbtq-360x360.jpg 360w, https:\/\/diarioregionaldigital.com.br\/wp-content\/uploads\/2018\/07\/lgbtq-80x80.jpg 80w\" sizes=\"auto, (max-width: 1050px) 100vw, 1050px\" \/><\/p>\n<p>&nbsp;<\/p>\n<ul>\n<li><strong>STREETWEAR NA PASSARELA<\/strong><\/li>\n<\/ul>\n<p style=\"text-align: center;\"><strong>\u00a0<\/strong>O streetwear est\u00e1 cada vez mais conquistando seu espa\u00e7o e se\u00a0consagrando no mundo da moda. A Fila, famosa nos anos 90 com Tupac Shakur, anuncia que vai desfilar na semana de moda em Mil\u00e3o, em setembro.<\/p>\n<p><img loading=\"lazy\" decoding=\"async\" class=\"size-full wp-image-110575 aligncenter\" src=\"http:\/\/diarioregionaljf.com.br\/wp-content\/uploads\/2018\/07\/streetwear.jpg\" alt=\"\" width=\"768\" height=\"512\" srcset=\"https:\/\/diarioregionaldigital.com.br\/wp-content\/uploads\/2018\/07\/streetwear.jpg 768w, https:\/\/diarioregionaldigital.com.br\/wp-content\/uploads\/2018\/07\/streetwear-300x200.jpg 300w, https:\/\/diarioregionaldigital.com.br\/wp-content\/uploads\/2018\/07\/streetwear-360x240.jpg 360w\" sizes=\"auto, (max-width: 768px) 100vw, 768px\" \/><\/p>\n<p>&nbsp;<\/p>\n<hr \/>\n<p style=\"text-align: center;\"><span style=\"font-size: 18pt;\"><strong>TRENDS<\/strong><\/span><\/p>\n<ul>\n<li><strong>\u00a0<\/strong><strong>NEON<\/strong><\/li>\n<\/ul>\n<p><img loading=\"lazy\" decoding=\"async\" class=\"alignleft wp-image-110589 size-full\" src=\"http:\/\/diarioregionaljf.com.br\/wp-content\/uploads\/2018\/07\/neon-1.jpg\" alt=\"\" width=\"338\" height=\"508\" srcset=\"https:\/\/diarioregionaldigital.com.br\/wp-content\/uploads\/2018\/07\/neon-1.jpg 338w, https:\/\/diarioregionaldigital.com.br\/wp-content\/uploads\/2018\/07\/neon-1-200x300.jpg 200w\" sizes=\"auto, (max-width: 338px) 100vw, 338px\" \/><\/p>\n<p>&nbsp;<\/p>\n<p>&nbsp;<\/p>\n<p>&nbsp;<\/p>\n<p style=\"text-align: center;\"><strong>\u00a0<\/strong>Depois das candy colors \u00e9 a vez dos tons fl\u00fao! Isso mesmo, as cores neon coloriram as passarelas nos \u00faltimos desfiles da alta-costura! Se antes os tons fechados eram os preferidos para os vestidos de festa, a tend\u00eancia veio mostrar que a regra da vez \u00e9 ousar! O rosa neon j\u00e1 \u00e9 a cor queridinha da temporada e os tons fl\u00fao prometem jovialidade e divers\u00e3o \u00e0 produ\u00e7\u00e3o combinados com acess\u00f3rios nas mesmas cores.<\/p>\n<p>&nbsp;<\/p>\n<p>&nbsp;<\/p>\n<p>&nbsp;<\/p>\n<ul>\n<li><strong>ACINTURE-SE<\/strong><\/li>\n<\/ul>\n<p style=\"text-align: center;\"><strong><img loading=\"lazy\" decoding=\"async\" class=\"size-full wp-image-110601 aligncenter\" src=\"http:\/\/diarioregionaljf.com.br\/wp-content\/uploads\/2018\/07\/acinturase.jpg\" alt=\"\" width=\"400\" height=\"600\" srcset=\"https:\/\/diarioregionaldigital.com.br\/wp-content\/uploads\/2018\/07\/acinturase.jpg 400w, https:\/\/diarioregionaldigital.com.br\/wp-content\/uploads\/2018\/07\/acinturase-200x300.jpg 200w, https:\/\/diarioregionaldigital.com.br\/wp-content\/uploads\/2018\/07\/acinturase-360x540.jpg 360w\" sizes=\"auto, (max-width: 400px) 100vw, 400px\" \/><br \/>\n<\/strong>A cintura marcada por cintos apareceu com tudo nos desfiles da temporada, prometendo ser uma das maiores tend\u00eancias! Os cintos apareceram em vers\u00f5es largas, por cima de diversas pe\u00e7as,\u00a0desde vestidos de festa \u00e0s jaquetas. O truque de styling promete ganhar as ruas logo menos e para aderi-lo, invistam nos modelos largos com fivelas duplas, ilhoses e correntes, contrapondo com pe\u00e7as mais delicadas, como transpar\u00eancias e babados. Vale tamb\u00e9m aproveitar para dar outra cara aquele terninho do dia-a-dia marcando a cintura com um cinto\u00a0por cima da pe\u00e7a.<\/p>\n<p>&nbsp;<\/p>\n<ul>\n<li><strong>FAZENDO A CABE\u00c7A<\/strong><\/li>\n<\/ul>\n<p style=\"text-align: center;\">Os chap\u00e9us ganham for\u00e7a redobrada no inverno como uma pe\u00e7a vers\u00e1til, que pode proteger de\u00a0uma chuva fina ou ajudar a manter o corpo aquecido nos dias de temperaturas mais amenas. Mas muitas pessoas consideram esse um acess\u00f3rio dif\u00edcil de usar, e principalmente em JF \u00e9 raro encontrar algu\u00e9m usando pelas ruas. Que tal come\u00e7ar logo? Para come\u00e7ar, voc\u00ea pode pensar em combinar o chap\u00e9u com a cor do casaco ou apostarem tons neutros, como preto, bege ou cinza. Com o passar do tempo, \u00e9 prov\u00e1vel que voc\u00ea queira adotar abas mais largas ou modelos mais coloridos. Com v\u00e1rios modelos de chap\u00e9u como panam\u00e1, chap\u00e9u coco, chap\u00e9u cloch\u00ea, chap\u00e9u floppy, chap\u00e9u fedora, entre outros os que est\u00e3o em alta nesse inverno s\u00e3o os Floppy geralmente \u00e9 feito de feltro, veludo ou l\u00e3. A sua principal caracter\u00edstica s\u00e3o as abas bem largas e male\u00e1veis que d\u00e3o um up a qualquer visual. Este tipo de chap\u00e9u foi um must have dos anos 70. E o Fedora que possui abas m\u00e9dias e tem\u00a0uma leve inclina\u00e7\u00e3o na parte de tr\u00e1s do chap\u00e9u. Estilo puro!!<\/p>\n<p>&nbsp;<\/p>\n<ul>\n<li><strong>PONTOS EM COMUM<\/strong><\/li>\n<\/ul>\n<p style=\"text-align: center;\">Os cl\u00e1ssicos Po\u00e1 sem preto e branco est\u00e3o se\u00a0 multiplicando nos looks da esta\u00e7\u00e3o. Misturados com estampa floral o efeito gr\u00e1fico \u00e9 pura ousadia de estilo. Destaque para os po\u00e1s gigantes, hit da esta\u00e7\u00e3o.<\/p>\n<p>&nbsp;<\/p>\n<ul>\n<li><strong>TURTLENECK<\/strong><\/li>\n<\/ul>\n<p style=\"text-align: center;\"><strong><img loading=\"lazy\" decoding=\"async\" class=\"size-full wp-image-110607 alignright\" src=\"http:\/\/diarioregionaljf.com.br\/wp-content\/uploads\/2018\/07\/turtneleck-1.jpg\" alt=\"\" width=\"423\" height=\"528\" srcset=\"https:\/\/diarioregionaldigital.com.br\/wp-content\/uploads\/2018\/07\/turtneleck-1.jpg 423w, https:\/\/diarioregionaldigital.com.br\/wp-content\/uploads\/2018\/07\/turtneleck-1-240x300.jpg 240w, https:\/\/diarioregionaldigital.com.br\/wp-content\/uploads\/2018\/07\/turtneleck-1-360x449.jpg 360w\" sizes=\"auto, (max-width: 423px) 100vw, 423px\" \/><\/strong><\/p>\n<p>&nbsp;<\/p>\n<p style=\"text-align: center;\"><strong>\u00a0<\/strong>O inverno chegou e \u00e9 hora de tirar a gola alta do arm\u00e1rio! Al\u00e9m de nos aquecer nesse inverno, o modelo garante produ\u00e7\u00f5es para l\u00e1 de estilosas. No dia a dia, vale colocar ela por baixo do blazer trocando a camiseta b\u00e1sica, ou combina &#8211; l\u00e1 a cal\u00e7a jeans. Para uma produ\u00e7\u00e3o mais fashionista, invista em uma sobreposi\u00e7\u00e3o de vestido + \u00a0 \u00a0turtleneck.<\/p>\n<p>&nbsp;<\/p>\n<hr \/>\n<p style=\"text-align: center;\"><span style=\"font-size: 18pt;\"><strong>HOR\u00d3SCOPO FASHION<\/strong><\/span><\/p>\n<p><strong>\u00a0<\/strong><strong>C\u00c2NCER<\/strong><\/p>\n<p style=\"text-align: center;\"><strong><img loading=\"lazy\" decoding=\"async\" class=\"wp-image-110610 size-full aligncenter\" src=\"http:\/\/diarioregionaljf.com.br\/wp-content\/uploads\/2018\/07\/cancer.jpg\" alt=\"\" width=\"563\" height=\"708\" srcset=\"https:\/\/diarioregionaldigital.com.br\/wp-content\/uploads\/2018\/07\/cancer.jpg 563w, https:\/\/diarioregionaldigital.com.br\/wp-content\/uploads\/2018\/07\/cancer-239x300.jpg 239w, https:\/\/diarioregionaldigital.com.br\/wp-content\/uploads\/2018\/07\/cancer-360x453.jpg 360w\" sizes=\"auto, (max-width: 563px) 100vw, 563px\" \/><br \/>\n<\/strong>C\u00e2ncer \u00e9 o signo mais \u201camorzinho\u201d do zod\u00edaco, s\u00e3o meigas, rom\u00e2nticas, muito sens\u00edveis, dedicadas e intensas com suas emo\u00e7\u00f5es. Na hora de escolher a produ\u00e7\u00e3o, estas caracter\u00edsticas tamb\u00e9m se manifestam, a canceriana \u00e9 adepta de pe\u00e7as femininas, fluidez e de um estilo vintage, gostam de parecer acess\u00edveis, mas nem tanto, por isso preferem pe\u00e7as que n\u00e3o chamem tanta aten\u00e7\u00e3o combinadas a um toque de sensualidade, babados, transpar\u00eancias,\u00a0cinturas marcadas fazem parte do guarda-roupa das nativas deste signo.<\/p>\n<p>&nbsp;<\/p>\n<hr \/>\n<p style=\"text-align: center;\"><span style=\"font-size: 18pt;\"><strong>TUDO NA MODA TEM UM PORQU\u00ca<\/strong><\/span><\/p>\n<p style=\"text-align: center;\">\u00c9 percept\u00edvel nos feeds das redes sociais, como o look com lingerie v\u00eam se repetindo entre it girls, fashionistas e digital influencers, mas voc\u00ea sabe de onde essa moda veio? Se n\u00e3o, a origem \u00e9 bem interessante. Diante de constantes debates feministas, pol\u00eamicas e den\u00fancias, as passarelas n\u00e3o ficaram de fora, e nas \u00faltimas temporadas de moda, v\u00eam protestando tamb\u00e9m atrav\u00e9s das roupas, e nada como a sensualidade da mulher, a pele a mostra, a renda, o tule e a lingerie, para aquecer este discurso. Estilistas como, Christopher Kane e Anthony Vaccarelo, s\u00e3o nomes que est\u00e3o dando o que falar com produ\u00e7\u00f5es sensuais ou at\u00e9 sexuais em suas cole\u00e7\u00f5es. Engana-se quem pensa que a forma de discurso \u00e9 atual, principalmente nas passarelas.<\/p>\n<div id=\"attachment_110615\" style=\"width: 422px\" class=\"wp-caption aligncenter\"><img loading=\"lazy\" decoding=\"async\" aria-describedby=\"caption-attachment-110615\" class=\"size-full wp-image-110615\" src=\"http:\/\/diarioregionaljf.com.br\/wp-content\/uploads\/2018\/07\/modapq-2.jpg\" alt=\"\" width=\"412\" height=\"512\" srcset=\"https:\/\/diarioregionaldigital.com.br\/wp-content\/uploads\/2018\/07\/modapq-2.jpg 412w, https:\/\/diarioregionaldigital.com.br\/wp-content\/uploads\/2018\/07\/modapq-2-241x300.jpg 241w, https:\/\/diarioregionaldigital.com.br\/wp-content\/uploads\/2018\/07\/modapq-2-360x447.jpg 360w\" sizes=\"auto, (max-width: 412px) 100vw, 412px\" \/><p id=\"caption-attachment-110615\" class=\"wp-caption-text\">Foto de @eubarbaramoreira<\/p><\/div>\n<p>&nbsp;<\/p>\n<hr \/>\n<p style=\"text-align: center;\"><span style=\"font-size: 18pt;\"><strong>\u00a0<\/strong><strong>RESORT<\/strong><\/span><\/p>\n<p style=\"text-align: center;\">Para os apaixonados por moda, os desfiles s\u00e3o os momentos mais esperados. E tem muito desfile acontecendo durante todo o ano. E mais uma temporada Resort est\u00e1 acontecendo. O resort constitui-se na temporada de transi\u00e7\u00e3o das cole\u00e7\u00f5es, ou seja, ele preenche a lacuna entre o Inverno (cole\u00e7\u00e3o apresentada entre fevereiro e mar\u00e7o) e o Ver\u00e3o (que ainda ser\u00e1 desfilada em setembro). Dessa forma, s\u00e3oapresentadospelasgrandesmarcasdesderoupasmaisquentescomocasacosat\u00e9vestidosmaisleves. \u00c9 a hora das marcas investirem em complexos lookbooks, editorias conceituais e at\u00e9 desfiles pr\u00f3prios para apresenta\u00e7\u00e3o de cole\u00e7\u00e3o.<\/p>\n<hr \/>\n<p style=\"text-align: center;\"><span style=\"font-size: 18pt;\"><strong>CLICK IN MODA<\/strong><\/span><\/p>\n<p style=\"text-align: center;\">Lorena Rodrigues bel\u00edssima de \u00cdndias do Brasil no click de Johnny Pio em produ\u00e7\u00e3o especial de Diley Almeida para o Est\u00fadio Aguiar I Boscato que inaugurou na \u00faltima quarta-feira. Beleza Igor Boscato.<\/p>\n<p><img loading=\"lazy\" decoding=\"async\" class=\"size-full wp-image-110572 aligncenter\" src=\"http:\/\/diarioregionaljf.com.br\/wp-content\/uploads\/2018\/07\/clickinmoda-1.jpg\" alt=\"\" width=\"427\" height=\"640\" srcset=\"https:\/\/diarioregionaldigital.com.br\/wp-content\/uploads\/2018\/07\/clickinmoda-1.jpg 427w, https:\/\/diarioregionaldigital.com.br\/wp-content\/uploads\/2018\/07\/clickinmoda-1-200x300.jpg 200w, https:\/\/diarioregionaldigital.com.br\/wp-content\/uploads\/2018\/07\/clickinmoda-1-360x540.jpg 360w\" sizes=\"auto, (max-width: 427px) 100vw, 427px\" \/><\/p>\n<p><strong>\u00a0<\/strong><\/p>\n<p><strong>COLABORADORAS:\u00a0<\/strong><strong>MARIANA MATOS E\u00a0<\/strong><strong>MARIA EDUARDA VER\u00cdSSIMO<\/strong><\/p>\n<p>&nbsp;<\/p>\n","protected":false},"excerpt":{"rendered":"<p>FASHION NEWS \u00a0LGBTQ+ \u00a0A Adidas reuniu um grupo de artistas, dj\u2019s, estilistas, m\u00fasicos e modelos para celebrar o orgulho LGBTQ+, entre os convidados est\u00e3o Marc Jacobs, Kate Moss, Naomi Campbell, Pharrell Williams, entre outros famosos. Usando valores como igualdade, uni\u00e3o e originalidade cada convidado recriou o modelo Samba da marca, criando uma s\u00e9rie de t\u00eanis [&hellip;]<\/p>\n","protected":false},"author":96,"featured_media":110607,"comment_status":"closed","ping_status":"closed","sticky":false,"template":"","format":"standard","meta":{"footnotes":""},"categories":[285],"tags":[],"class_list":["post-110557","post","type-post","status-publish","format-standard","has-post-thumbnail","hentry","category-moda-ana-paula-calixto"],"_links":{"self":[{"href":"https:\/\/diarioregionaldigital.com.br\/index.php?rest_route=\/wp\/v2\/posts\/110557","targetHints":{"allow":["GET"]}}],"collection":[{"href":"https:\/\/diarioregionaldigital.com.br\/index.php?rest_route=\/wp\/v2\/posts"}],"about":[{"href":"https:\/\/diarioregionaldigital.com.br\/index.php?rest_route=\/wp\/v2\/types\/post"}],"author":[{"embeddable":true,"href":"https:\/\/diarioregionaldigital.com.br\/index.php?rest_route=\/wp\/v2\/users\/96"}],"replies":[{"embeddable":true,"href":"https:\/\/diarioregionaldigital.com.br\/index.php?rest_route=%2Fwp%2Fv2%2Fcomments&post=110557"}],"version-history":[{"count":0,"href":"https:\/\/diarioregionaldigital.com.br\/index.php?rest_route=\/wp\/v2\/posts\/110557\/revisions"}],"wp:featuredmedia":[{"embeddable":true,"href":"https:\/\/diarioregionaldigital.com.br\/index.php?rest_route=\/wp\/v2\/media\/110607"}],"wp:attachment":[{"href":"https:\/\/diarioregionaldigital.com.br\/index.php?rest_route=%2Fwp%2Fv2%2Fmedia&parent=110557"}],"wp:term":[{"taxonomy":"category","embeddable":true,"href":"https:\/\/diarioregionaldigital.com.br\/index.php?rest_route=%2Fwp%2Fv2%2Fcategories&post=110557"},{"taxonomy":"post_tag","embeddable":true,"href":"https:\/\/diarioregionaldigital.com.br\/index.php?rest_route=%2Fwp%2Fv2%2Ftags&post=110557"}],"curies":[{"name":"wp","href":"https:\/\/api.w.org\/{rel}","templated":true}]}}