{"id":110552,"date":"2018-07-05T19:55:58","date_gmt":"2018-07-05T22:55:58","guid":{"rendered":"http:\/\/diarioregionaljf.com.br\/?p=110552"},"modified":"2018-07-05T19:55:58","modified_gmt":"2018-07-05T22:55:58","slug":"confirmada-na-ccj-permissao-para-parcelamento-do-seguro-obrigatorio-de-veiculos","status":"publish","type":"post","link":"https:\/\/diarioregionaldigital.com.br\/?p=110552","title":{"rendered":"Confirmada na CCJ permiss\u00e3o para parcelamento do seguro obrigat\u00f3rio de ve\u00edculos"},"content":{"rendered":"<p>A permiss\u00e3o aos propriet\u00e1rios de ve\u00edculos para parcelar o pagamento do Seguro Obrigat\u00f3rio (DPVAT) em 12 parcelas foi confirmada na reuni\u00e3o da Comiss\u00e3o de Constitui\u00e7\u00e3o, Justi\u00e7a e Cidadania (CCJ) dessa quarta-feira, 4, na forma de um substitutivo ao PLS 162\/2014. O texto segue para a C\u00e2mara dos Deputados, se n\u00e3o houver recurso para an\u00e1lise em Plen\u00e1rio.<\/p>\n<p>O PLS 162\/2014, do senador C\u00e1ssio Cunha Lima (PSDB-PB), busca diminuir o preju\u00edzo financeiro que hoje t\u00eam os propriet\u00e1rios de determinadas categorias de ve\u00edculos com o seguro. Ele acredita que esse parcelamento reduzir\u00e1 a inadimpl\u00eancia, especialmente dos donos de motocicletas que, proporcionalmente, possuem o maior custo em rela\u00e7\u00e3o ao valor do ve\u00edculo. Em 2018, autom\u00f3veis pagaram R$45,72 e motocicletas R$185,50.<\/p>\n<p>A relatora, senadora Ana Am\u00e9lia (PP-RS), apresentou texto alternativo para retirar a vig\u00eancia imediata da futura lei. Para a efetiva implanta\u00e7\u00e3o dessa medida, a parlamentar considera necess\u00e1rio prazo para que a Administra\u00e7\u00e3o possa oferecer aos cidad\u00e3os os meios para o parcelamento, em cada estado, pois o pagamento do seguro \u00e9 vinculado ao do Imposto sobre a Propriedade de Ve\u00edculos Automotores (IPVA). O novo prazo ser\u00e1 de 180 dias ap\u00f3s a publica\u00e7\u00e3o da lei que resultar do projeto.<\/p>\n<p>Ana Am\u00e9lia tamb\u00e9m previu, no substitutivo aprovado pela CCJ, a corre\u00e7\u00e3o de artigo que retira, inadvertidamente, compet\u00eancias do Conselho Nacional de Tr\u00e2nsito. Al\u00e9m disso, a relatora entende que o fracionamento em parcelas deve ser uma op\u00e7\u00e3o e n\u00e3o uma obrigatoriedade dos propriet\u00e1rios de ve\u00edculos, como previa o texto original.<\/p>\n<p><img loading=\"lazy\" decoding=\"async\" class=\"alignnone size-full wp-image-110554\" src=\"http:\/\/diarioregionaljf.com.br\/wp-content\/uploads\/2018\/07\/dpvat-1.jpg\" alt=\"\" width=\"771\" height=\"326\" srcset=\"https:\/\/diarioregionaldigital.com.br\/wp-content\/uploads\/2018\/07\/dpvat-1.jpg 771w, https:\/\/diarioregionaldigital.com.br\/wp-content\/uploads\/2018\/07\/dpvat-1-300x127.jpg 300w, https:\/\/diarioregionaldigital.com.br\/wp-content\/uploads\/2018\/07\/dpvat-1-768x325.jpg 768w, https:\/\/diarioregionaldigital.com.br\/wp-content\/uploads\/2018\/07\/dpvat-1-360x152.jpg 360w\" sizes=\"auto, (max-width: 771px) 100vw, 771px\" \/><\/p>\n<p>Fonte: Ag\u00eancia Senado<\/p>\n","protected":false},"excerpt":{"rendered":"<p>A permiss\u00e3o aos propriet\u00e1rios de ve\u00edculos para parcelar o pagamento do Seguro Obrigat\u00f3rio (DPVAT) em 12 parcelas foi confirmada na reuni\u00e3o da Comiss\u00e3o de Constitui\u00e7\u00e3o, Justi\u00e7a e Cidadania (CCJ) dessa quarta-feira, 4, na forma de um substitutivo ao PLS 162\/2014. O texto segue para a C\u00e2mara dos Deputados, se n\u00e3o houver recurso para an\u00e1lise em [&hellip;]<\/p>\n","protected":false},"author":96,"featured_media":110555,"comment_status":"closed","ping_status":"closed","sticky":false,"template":"","format":"standard","meta":{"footnotes":""},"categories":[254,439],"tags":[],"class_list":["post-110552","post","type-post","status-publish","format-standard","has-post-thumbnail","hentry","category-politica","category-ultima-hora"],"_links":{"self":[{"href":"https:\/\/diarioregionaldigital.com.br\/index.php?rest_route=\/wp\/v2\/posts\/110552","targetHints":{"allow":["GET"]}}],"collection":[{"href":"https:\/\/diarioregionaldigital.com.br\/index.php?rest_route=\/wp\/v2\/posts"}],"about":[{"href":"https:\/\/diarioregionaldigital.com.br\/index.php?rest_route=\/wp\/v2\/types\/post"}],"author":[{"embeddable":true,"href":"https:\/\/diarioregionaldigital.com.br\/index.php?rest_route=\/wp\/v2\/users\/96"}],"replies":[{"embeddable":true,"href":"https:\/\/diarioregionaldigital.com.br\/index.php?rest_route=%2Fwp%2Fv2%2Fcomments&post=110552"}],"version-history":[{"count":0,"href":"https:\/\/diarioregionaldigital.com.br\/index.php?rest_route=\/wp\/v2\/posts\/110552\/revisions"}],"wp:featuredmedia":[{"embeddable":true,"href":"https:\/\/diarioregionaldigital.com.br\/index.php?rest_route=\/wp\/v2\/media\/110555"}],"wp:attachment":[{"href":"https:\/\/diarioregionaldigital.com.br\/index.php?rest_route=%2Fwp%2Fv2%2Fmedia&parent=110552"}],"wp:term":[{"taxonomy":"category","embeddable":true,"href":"https:\/\/diarioregionaldigital.com.br\/index.php?rest_route=%2Fwp%2Fv2%2Fcategories&post=110552"},{"taxonomy":"post_tag","embeddable":true,"href":"https:\/\/diarioregionaldigital.com.br\/index.php?rest_route=%2Fwp%2Fv2%2Ftags&post=110552"}],"curies":[{"name":"wp","href":"https:\/\/api.w.org\/{rel}","templated":true}]}}