{"id":110549,"date":"2018-07-05T19:51:21","date_gmt":"2018-07-05T22:51:21","guid":{"rendered":"http:\/\/diarioregionaljf.com.br\/?p=110549"},"modified":"2018-07-05T19:51:21","modified_gmt":"2018-07-05T22:51:21","slug":"vereadora-pede-que-executivo-encontre-caminho-alternativo-para-mulheres-em-situacao-de-vulnerabilidade","status":"publish","type":"post","link":"https:\/\/diarioregionaldigital.com.br\/?p=110549","title":{"rendered":"Vereadora pede que Executivo encontre caminho alternativo para mulheres em situa\u00e7\u00e3o de vulnerabilidade"},"content":{"rendered":"<p>A vereadora Ana Rossignoli (Ana do Padre Frederico-MDB) pediu ao Executivo que encontre um caminho para que as mulheres em situa\u00e7\u00e3o de vulnerabilidade, anteriormente atendidas pela Casa de Passagem Maria M\u00e3e, que encerrou as atividades, n\u00e3o fiquem desassistidas ou tenham que recorrer ao albergue municipal, solu\u00e7\u00e3o apresentada pela Prefeitura.<\/p>\n<p>\u201cRecebi um grande n\u00famero dessas mulheres em meu gabinete. Elas me disseram que no albergue municipal n\u00e3o h\u00e1 espa\u00e7o para dormir de forma tranquila ou fazer a higieniza\u00e7\u00e3o. De acordo com elas, o banheiro \u00e9 dividido por um peda\u00e7o de madeira: de um lado homens, do outro mulheres\u201d, declarou a vereadora.<\/p>\n<p>Segundo ela, o albergue tem capacidade para receber apenas dez das cerca de 30 mulheres que eram atendidas pela Casa de Passagem, enquanto o restante estaria dormindo na rua. A vereadora relatou ainda que as mulheres afirmaram que est\u00e3o sofrendo ass\u00e9dio sexual dos homens que tamb\u00e9m s\u00e3o acolhidos pelo albergue. \u201cA minha preocupa\u00e7\u00e3o \u00e9 a situa\u00e7\u00e3o de humilha\u00e7\u00e3o e desconforto que essas mulheres est\u00e3o passando\u201d, disse.<\/p>\n<p>A vereadora Sheila Oliveira (PSL) afirmou que a Adra, empresa vencedora do edital do chamamento p\u00fablico para o setor, est\u00e1 pronta para prestar o servi\u00e7o. Por\u00e9m, por conta da burocracia envolvida no processo, est\u00e1 impedida de atuar. Ela fez um apelo ao l\u00edder do Governo, J\u00falio Obama Jr. (PHS), para verificar a situa\u00e7\u00e3o, pois \u00e9 \u201cuma quest\u00e3o de necessidade que essas mulheres n\u00e3o fiquem desassistidas\u201d.<\/p>\n<p>O vereador Vagner de Oliveira (PSC) explicou que algumas pessoas alegam que a Adra teria que estar instalada em Juiz de Fora para concorrer ao chamamento e tamb\u00e9m ser certificada pelo Conselho Municipal de Assist\u00eancia Social (CMAS). Diante disso, o vereador Marlon Siqueira (MDB) pediu ao l\u00edder do Governo que verifique a possibilidade de o CMAS convocar uma reuni\u00e3o extraordin\u00e1ria com o objetivo exclusivo de cuidar da situa\u00e7\u00e3o das mulheres desassistidas.<\/p>\n<p>Em resposta aos colegas, J\u00falio Obama Jr. (PHS) disse ter sido autorizado pelo prefeito a realizar uma reuni\u00e3o na pr\u00f3xima semana na C\u00e2mara Municipal com a presen\u00e7a da secret\u00e1ria de Desenvolvimento Social, Tammy Claret, para esclarecer a situa\u00e7\u00e3o junto a todos os vereadores.<\/p>\n<p>Fonte: Assessoria<\/p>\n","protected":false},"excerpt":{"rendered":"<p>A vereadora Ana Rossignoli (Ana do Padre Frederico-MDB) pediu ao Executivo que encontre um caminho para que as mulheres em situa\u00e7\u00e3o de vulnerabilidade, anteriormente atendidas pela Casa de Passagem Maria M\u00e3e, que encerrou as atividades, n\u00e3o fiquem desassistidas ou tenham que recorrer ao albergue municipal, solu\u00e7\u00e3o apresentada pela Prefeitura. \u201cRecebi um grande n\u00famero dessas mulheres [&hellip;]<\/p>\n","protected":false},"author":96,"featured_media":110550,"comment_status":"closed","ping_status":"closed","sticky":false,"template":"","format":"standard","meta":{"footnotes":""},"categories":[254,439],"tags":[],"class_list":["post-110549","post","type-post","status-publish","format-standard","has-post-thumbnail","hentry","category-politica","category-ultima-hora"],"_links":{"self":[{"href":"https:\/\/diarioregionaldigital.com.br\/index.php?rest_route=\/wp\/v2\/posts\/110549","targetHints":{"allow":["GET"]}}],"collection":[{"href":"https:\/\/diarioregionaldigital.com.br\/index.php?rest_route=\/wp\/v2\/posts"}],"about":[{"href":"https:\/\/diarioregionaldigital.com.br\/index.php?rest_route=\/wp\/v2\/types\/post"}],"author":[{"embeddable":true,"href":"https:\/\/diarioregionaldigital.com.br\/index.php?rest_route=\/wp\/v2\/users\/96"}],"replies":[{"embeddable":true,"href":"https:\/\/diarioregionaldigital.com.br\/index.php?rest_route=%2Fwp%2Fv2%2Fcomments&post=110549"}],"version-history":[{"count":0,"href":"https:\/\/diarioregionaldigital.com.br\/index.php?rest_route=\/wp\/v2\/posts\/110549\/revisions"}],"wp:featuredmedia":[{"embeddable":true,"href":"https:\/\/diarioregionaldigital.com.br\/index.php?rest_route=\/wp\/v2\/media\/110550"}],"wp:attachment":[{"href":"https:\/\/diarioregionaldigital.com.br\/index.php?rest_route=%2Fwp%2Fv2%2Fmedia&parent=110549"}],"wp:term":[{"taxonomy":"category","embeddable":true,"href":"https:\/\/diarioregionaldigital.com.br\/index.php?rest_route=%2Fwp%2Fv2%2Fcategories&post=110549"},{"taxonomy":"post_tag","embeddable":true,"href":"https:\/\/diarioregionaldigital.com.br\/index.php?rest_route=%2Fwp%2Fv2%2Ftags&post=110549"}],"curies":[{"name":"wp","href":"https:\/\/api.w.org\/{rel}","templated":true}]}}