{"id":110536,"date":"2018-07-05T18:50:02","date_gmt":"2018-07-05T21:50:02","guid":{"rendered":"http:\/\/diarioregionaljf.com.br\/?p=110536"},"modified":"2018-07-05T18:52:04","modified_gmt":"2018-07-05T21:52:04","slug":"policia-militar-forma-42-alunos-do-ceprom-no-programa-de-resistencia-a-drogas","status":"publish","type":"post","link":"https:\/\/diarioregionaldigital.com.br\/?p=110536","title":{"rendered":"Pol\u00edcia Militar forma 42 alunos do Ceprom no programa de resist\u00eancia a drogas"},"content":{"rendered":"<p>Alunos do Centro de Promo\u00e7\u00e3o do Menor (Ceprom) se formaram no Programa Educacional de Resist\u00eancia \u00e0s Drogas e \u00e0 Viol\u00eancia (Proerd), realizado pela Pol\u00edcia Militar (PM). A cerim\u00f4nia ocorreu na tarde dessa quinta-feira, 5, e foi prestigiada pelos familiares dos 42 estudantes do 1\u00b0 e 2\u00b0 per\u00edodo da institui\u00e7\u00e3o e autoridades.<\/p>\n<p>&nbsp;<\/p>\n<p>\u201cO Ceprom \u00e9 a primeira escola de educa\u00e7\u00e3o infantil a receber o programa com o novo curr\u00edculo na cidade. Adotamos uma metodologia diferenciada, a gente n\u00e3o trata diretamente das drogas, mas sim, ensinando pequenas responsabilidades e escolhas para que os alunos possam agregar valores para a vida deles\u201d, afirmou o sargento Rodrigo Motta, instrutor do Proerd.<\/p>\n<p>&nbsp;<\/p>\n<p>O programa teve a dura\u00e7\u00e3o de dois meses com um encontro semanal. \u201cTinha uma na sala e assim que termin\u00e1vamos \u00edamos para o p\u00e1tio e realiz\u00e1vamos uma atividade l\u00fadica, justamente para consolidar os ensinamentos passados em sala\u201d, esclareceu Motta. \u201cO programa \u00e9 uma forma de ensinar as crian\u00e7as a fazerem escolhas mais seguras e respons\u00e1veis e consequentemente ficarem longe das drogas e viol\u00eancia\u201d, relembrou.<\/p>\n<p>&nbsp;<\/p>\n<p>O sargento destacou que atrav\u00e9s do programa, a Pol\u00edcia Militar cumpre com dos seus pap\u00e9is, o de contribuir para o engrandecimento e paz da sociedade. \u201cPara mim, \u00e9 uma alegria muito grande e tenho certeza que \u00e9 para todos da escola. Agora, a gente conta com a colabora\u00e7\u00e3o dos pais para continuar consolidando esses ensinamentos em casa\u201d, disse.<\/p>\n<div id=\"attachment_110538\" style=\"width: 1034px\" class=\"wp-caption aligncenter\"><img loading=\"lazy\" decoding=\"async\" aria-describedby=\"caption-attachment-110538\" class=\"size-large wp-image-110538\" src=\"http:\/\/diarioregionaljf.com.br\/wp-content\/uploads\/2018\/07\/RAFAELA-FRUTUOSO-USAR-ESSA-2-1024x684.jpg\" alt=\"\" width=\"1024\" height=\"684\" srcset=\"https:\/\/diarioregionaldigital.com.br\/wp-content\/uploads\/2018\/07\/RAFAELA-FRUTUOSO-USAR-ESSA-2-1024x684.jpg 1024w, https:\/\/diarioregionaldigital.com.br\/wp-content\/uploads\/2018\/07\/RAFAELA-FRUTUOSO-USAR-ESSA-2-300x200.jpg 300w, https:\/\/diarioregionaldigital.com.br\/wp-content\/uploads\/2018\/07\/RAFAELA-FRUTUOSO-USAR-ESSA-2-768x513.jpg 768w, https:\/\/diarioregionaldigital.com.br\/wp-content\/uploads\/2018\/07\/RAFAELA-FRUTUOSO-USAR-ESSA-2-360x240.jpg 360w\" sizes=\"auto, (max-width: 1024px) 100vw, 1024px\" \/><p id=\"caption-attachment-110538\" class=\"wp-caption-text\"><em>Foto: Rafaela Frutuoso<\/em><\/p><\/div>\n<p>Para o diretor do Ceprom, Ant\u00f4nio Carlos da Silva Estev\u00e3o, tem dado resultado positivo, pois une a escola, a comunidade e Pol\u00edcia Militar, pilar este que \u00e9 comum entre a institui\u00e7\u00e3o e a corpora\u00e7\u00e3o. \u201cA educa\u00e7\u00e3o \u00e9 o pilar b\u00e1sico de qualquer sociedade desenvolvida e o trabalho come\u00e7a com as crian\u00e7as. Nessa fase, elas est\u00e3o mais prop\u00edcias a absorver os ensinamentos do que quando mais velhas, pois v\u00e3o ficando mais interessadas em outras \u00e1reas\u201d, ressaltou.<\/p>\n<p>&nbsp;<\/p>\n<p><strong>FESTA JULINA<\/strong><\/p>\n<p>A semana est\u00e1 movimentada no Centro de Promo\u00e7\u00e3o do Menor. Neste s\u00e1bado, 7, a institui\u00e7\u00e3o realizada uma festa julina aberta ao p\u00fablico. Segundo o diretor do Ceprom, o evento iniciar\u00e1 \u00e0s 13h e ter\u00e1 barracas com comidas t\u00edpicas, bingo e jogos. A alegria da festividade ficar\u00e1 por conta da quadrilha dos alunos e pelo show da dupla sertaneja Basttos e Barcellos.<\/p>\n<p>&nbsp;<\/p>\n<p>O valor arrecadado ser\u00e1 revertido para melhorias na institui\u00e7\u00e3o. \u201cN\u00e3o basta ter boa vontade, precisa ter condi\u00e7\u00f5es de receber as pessoas e nosso intuito \u00e9 integrar cada vez mais a comunidade \u00e0 escola\u201d, finalizou.<\/p>\n<p>&nbsp;<\/p>\n","protected":false},"excerpt":{"rendered":"<p>Alunos do Centro de Promo\u00e7\u00e3o do Menor (Ceprom) se formaram no Programa Educacional de Resist\u00eancia \u00e0s Drogas e \u00e0 Viol\u00eancia (Proerd), realizado pela Pol\u00edcia Militar (PM). A cerim\u00f4nia ocorreu na tarde dessa quinta-feira, 5, e foi prestigiada pelos familiares dos 42 estudantes do 1\u00b0 e 2\u00b0 per\u00edodo da institui\u00e7\u00e3o e autoridades. &nbsp; \u201cO Ceprom \u00e9 [&hellip;]<\/p>\n","protected":false},"author":96,"featured_media":110537,"comment_status":"closed","ping_status":"closed","sticky":false,"template":"","format":"standard","meta":{"footnotes":""},"categories":[253,440,439],"tags":[],"class_list":["post-110536","post","type-post","status-publish","format-standard","has-post-thumbnail","hentry","category-cidade","category-destaques-do-dia","category-ultima-hora"],"_links":{"self":[{"href":"https:\/\/diarioregionaldigital.com.br\/index.php?rest_route=\/wp\/v2\/posts\/110536","targetHints":{"allow":["GET"]}}],"collection":[{"href":"https:\/\/diarioregionaldigital.com.br\/index.php?rest_route=\/wp\/v2\/posts"}],"about":[{"href":"https:\/\/diarioregionaldigital.com.br\/index.php?rest_route=\/wp\/v2\/types\/post"}],"author":[{"embeddable":true,"href":"https:\/\/diarioregionaldigital.com.br\/index.php?rest_route=\/wp\/v2\/users\/96"}],"replies":[{"embeddable":true,"href":"https:\/\/diarioregionaldigital.com.br\/index.php?rest_route=%2Fwp%2Fv2%2Fcomments&post=110536"}],"version-history":[{"count":0,"href":"https:\/\/diarioregionaldigital.com.br\/index.php?rest_route=\/wp\/v2\/posts\/110536\/revisions"}],"wp:featuredmedia":[{"embeddable":true,"href":"https:\/\/diarioregionaldigital.com.br\/index.php?rest_route=\/wp\/v2\/media\/110537"}],"wp:attachment":[{"href":"https:\/\/diarioregionaldigital.com.br\/index.php?rest_route=%2Fwp%2Fv2%2Fmedia&parent=110536"}],"wp:term":[{"taxonomy":"category","embeddable":true,"href":"https:\/\/diarioregionaldigital.com.br\/index.php?rest_route=%2Fwp%2Fv2%2Fcategories&post=110536"},{"taxonomy":"post_tag","embeddable":true,"href":"https:\/\/diarioregionaldigital.com.br\/index.php?rest_route=%2Fwp%2Fv2%2Ftags&post=110536"}],"curies":[{"name":"wp","href":"https:\/\/api.w.org\/{rel}","templated":true}]}}