{"id":110524,"date":"2018-07-08T06:00:19","date_gmt":"2018-07-08T09:00:19","guid":{"rendered":"http:\/\/diarioregionaljf.com.br\/?p=110524"},"modified":"2018-07-05T18:07:49","modified_gmt":"2018-07-05T21:07:49","slug":"abortar-e-um-ato-humano","status":"publish","type":"post","link":"https:\/\/diarioregionaldigital.com.br\/?p=110524","title":{"rendered":"ABORTAR \u00c9 UM ATO HUMANO?"},"content":{"rendered":"<p>Enquanto corre a Copa do Mundo, atraindo os olhares e as mentes da maioria da popula\u00e7\u00e3o, assuntos pol\u00eamicos percorrem em pautas do governo. \u00c9 sempre um perigo, em meio a estas aus\u00eancias, haver aprova\u00e7\u00f5es de leis que gerariam muitas disputas entre a popula\u00e7\u00e3o.<\/p>\n<p>&nbsp;<\/p>\n<p>Os crist\u00e3os, sejam cat\u00f3licos, evang\u00e9licos ou ortodoxos, preservam a vida e defendem a dignidade natural da pessoa humana. A Congrega\u00e7\u00e3o para a Doutrina F\u00e9 e Disciplina dos Sacramentos, um dos minist\u00e9rios do Papa em Roma, emitiu os seguintes textos nos anos anteriores sobre o assunto. Sem d\u00favida, interessar\u00e1 a quantos desejem refletir sobre os direitos inalien\u00e1veis dos humanos.<\/p>\n<p>&nbsp;<\/p>\n<p>\u201cA vida humana deve ser respeitada e protegida, de modo absoluto, a partir do momento da concep\u00e7\u00e3o. Desde o primeiro momento da sua exist\u00eancia, devem ser reconhecidos a todo o ser humano os direitos da pessoa, entre os quais o direito inviol\u00e1vel de todo o ser inocente \u00e0 vida. \u00abAntes de te formar no ventre materno, Eu te escolhi: antes que sa\u00edsses do seio da tua m\u00e3e, Eu te consagrei\u00bb (Jr 1, 5). \u00abV\u00f3s conhec\u00edeis j\u00e1 a minha alma e nada do meu ser Vos era oculto, quando secretamente era formado, modelado nas profundidades da terra\u00bb (Sl 139, 15)\u201d.<\/p>\n<p>&nbsp;<\/p>\n<p>A Igreja afirmou, desde o s\u00e9culo I, a mal\u00edcia moral de todo o aborto provocado. E esta doutrina n\u00e3o mudou. Continua invari\u00e1vel. O aborto direto, isto \u00e9, querido como fim ou como meio, \u00e9 gravemente contr\u00e1rio \u00e0 lei moral: \u00abN\u00e3o matar\u00e1s o embri\u00e3o por meio do aborto, nem far\u00e1s que morra o rec\u00e9m-nascido\u00bb. \u00abDeus [&#8230;], Senhor da vida, confiou aos homens, para que estes desempenhassem dum modo digno dos mesmos homens, o nobre encargo de conservar a vida. Esta deve, pois, ser salvaguardada, com extrema solicitude, desde o primeiro momento da concep\u00e7\u00e3o; o aborto e o infantic\u00eddio s\u00e3o crimes abomin\u00e1veis\u00bb&#8221;<\/p>\n<p>&nbsp;<\/p>\n<p>Desde o momento em que uma lei positiva priva determinada categoria de seres humanos da prote\u00e7\u00e3o que a legisla\u00e7\u00e3o civil deve conceder-lhes, o Estado acaba por negar a igualdade de todos perante a lei. Quando o Estado n\u00e3o p\u00f5e a sua for\u00e7a ao servi\u00e7o dos direitos de todos os cidad\u00e3os, em particular dos mais fracos, encontram-se amea\u00e7ados os pr\u00f3prios fundamentos dum \u00abEstado de direito\u00bb [&#8230;]. Como consequ\u00eancia do respeito e da prote\u00e7\u00e3o que devem ser garantidos ao nascituro, desde o momento da sua concep\u00e7\u00e3o, a lei deve prever san\u00e7\u00f5es penais apropriadas para toda a viola\u00e7\u00e3o deliberada dos seus direitos&#8221;.<\/p>\n<p>&nbsp;<\/p>\n<p>Recordemos que &#8220;o Papa Jo\u00e3o Paulo II reafirmou tal doutrina com sua autoridade de Supremo Pastor da Igreja na Enc\u00edclica Evangelium vitae: &#8216;portanto, com a autoridade que Cristo conferiu a Pedro e a seus Sucessores, em comunh\u00e3o com todos os\u00a0<a href=\"https:\/\/www.acidigital.com\/igreja\/bispos.htm\">Bispos<\/a>\u00a0\u2014 que em v\u00e1rias ocasi\u00f5es condenaram o aborto e que na consulta citada anteriormente, embora dispersos pelo mundo, concordaram unanimemente sobre esta doutrina \u2014, declaro que o aborto direto, quer dizer, querido como fim ou como meio, \u00e9 sempre uma desordem moral grave, assim que elimina\u00e7\u00e3o deliberada de um ser humano inocente. Esta doutrina se fundamenta na lei natural e na Palavra de Deus escrita; \u00e9 transmitida pela Tradi\u00e7\u00e3o da Igreja e ensinada pelo Magist\u00e9rio ordin\u00e1rio e universal&#8221;.<\/p>\n<p>&nbsp;<\/p>\n<p>Do mesmo modo, o documento adiciona que &#8220;em algumas situa\u00e7\u00f5es dif\u00edceis e complexas, vale o ensino claro e preciso de Jo\u00e3o Paulo II&#8221; e cita novamente a enc\u00edclica\u00a0<em>Evangelium vitae<\/em>: &#8220;\u00e9 certo que em muitas ocasi\u00f5es a op\u00e7\u00e3o do aborto tem para a m\u00e3e um car\u00e1ter dram\u00e1tico e doloroso, assim que a decis\u00e3o de desfazer do fruto da concep\u00e7\u00e3o n\u00e3o se toma por raz\u00f5es puramente ego\u00edstas ou de conveni\u00eancia, mas sim porque se querem preservar alguns bens importantes, como a pr\u00f3pria sa\u00fade ou um n\u00edvel de vida digno para outros membros da fam\u00edlia. \u00c0s vezes se temem pelo n\u00e3o-nascido tais condi\u00e7\u00f5es de exist\u00eancia que fazem pensar que para ele o melhor seria n\u00e3o nascer. Entretanto, estas e outras raz\u00f5es semelhantes, at\u00e9 sendo graves e dram\u00e1ticas, jamais podem justificar a elimina\u00e7\u00e3o deliberada de um ser humano inocente&#8221;.<\/p>\n<p>&nbsp;<\/p>\n<p>Sem d\u00favida, estes textos representam s\u00e9ria reflex\u00e3o sobre a dignidade natural da pessoa humana.<\/p>\n","protected":false},"excerpt":{"rendered":"<p>Enquanto corre a Copa do Mundo, atraindo os olhares e as mentes da maioria da popula\u00e7\u00e3o, assuntos pol\u00eamicos percorrem em pautas do governo. \u00c9 sempre um perigo, em meio a estas aus\u00eancias, haver aprova\u00e7\u00f5es de leis que gerariam muitas disputas entre a popula\u00e7\u00e3o. &nbsp; Os crist\u00e3os, sejam cat\u00f3licos, evang\u00e9licos ou ortodoxos, preservam a vida e [&hellip;]<\/p>\n","protected":false},"author":96,"featured_media":96754,"comment_status":"closed","ping_status":"closed","sticky":false,"template":"","format":"standard","meta":{"footnotes":""},"categories":[436,276,439],"tags":[],"class_list":["post-110524","post","type-post","status-publish","format-standard","has-post-thumbnail","hentry","category-destaque-da-semana","category-dom-gil","category-ultima-hora"],"_links":{"self":[{"href":"https:\/\/diarioregionaldigital.com.br\/index.php?rest_route=\/wp\/v2\/posts\/110524","targetHints":{"allow":["GET"]}}],"collection":[{"href":"https:\/\/diarioregionaldigital.com.br\/index.php?rest_route=\/wp\/v2\/posts"}],"about":[{"href":"https:\/\/diarioregionaldigital.com.br\/index.php?rest_route=\/wp\/v2\/types\/post"}],"author":[{"embeddable":true,"href":"https:\/\/diarioregionaldigital.com.br\/index.php?rest_route=\/wp\/v2\/users\/96"}],"replies":[{"embeddable":true,"href":"https:\/\/diarioregionaldigital.com.br\/index.php?rest_route=%2Fwp%2Fv2%2Fcomments&post=110524"}],"version-history":[{"count":0,"href":"https:\/\/diarioregionaldigital.com.br\/index.php?rest_route=\/wp\/v2\/posts\/110524\/revisions"}],"wp:featuredmedia":[{"embeddable":true,"href":"https:\/\/diarioregionaldigital.com.br\/index.php?rest_route=\/wp\/v2\/media\/96754"}],"wp:attachment":[{"href":"https:\/\/diarioregionaldigital.com.br\/index.php?rest_route=%2Fwp%2Fv2%2Fmedia&parent=110524"}],"wp:term":[{"taxonomy":"category","embeddable":true,"href":"https:\/\/diarioregionaldigital.com.br\/index.php?rest_route=%2Fwp%2Fv2%2Fcategories&post=110524"},{"taxonomy":"post_tag","embeddable":true,"href":"https:\/\/diarioregionaldigital.com.br\/index.php?rest_route=%2Fwp%2Fv2%2Ftags&post=110524"}],"curies":[{"name":"wp","href":"https:\/\/api.w.org\/{rel}","templated":true}]}}