{"id":110494,"date":"2018-07-07T22:00:51","date_gmt":"2018-07-08T01:00:51","guid":{"rendered":"http:\/\/diarioregionaljf.com.br\/?p=110494"},"modified":"2018-07-07T22:56:53","modified_gmt":"2018-07-08T01:56:53","slug":"etica-politica-e-arquitetura","status":"publish","type":"post","link":"https:\/\/diarioregionaldigital.com.br\/?p=110494","title":{"rendered":"\u00c9TICA, POL\u00cdTICA E ARQUITETURA"},"content":{"rendered":"<p>Nessa semana a Prefeitura de Juiz de Fora sancionou, com oito anos de atraso, o novo Plano Diretor de Desenvolvimento Urbano.<\/p>\n<p>Um plano que nem foi \u201ccolocado no mercado\u201d e j\u00e1 est\u00e1 com prazo de validade pr\u00f3ximo do vencimento.<\/p>\n<p>Falar o que, n\u00e9?&#8230; Diz-se que sobre futebol, religi\u00e3o e pol\u00edtica n\u00e3o devemos discutir.<\/p>\n<p>&nbsp;<\/p>\n<div id=\"attachment_110497\" style=\"width: 670px\" class=\"wp-caption aligncenter\"><img loading=\"lazy\" decoding=\"async\" aria-describedby=\"caption-attachment-110497\" class=\"wp-image-110497 size-full\" style=\"line-height: 1.5;\" src=\"http:\/\/diarioregionaljf.com.br\/wp-content\/uploads\/2018\/07\/foto-02-1.jpg\" alt=\"\" width=\"660\" height=\"400\" srcset=\"https:\/\/diarioregionaldigital.com.br\/wp-content\/uploads\/2018\/07\/foto-02-1.jpg 660w, https:\/\/diarioregionaldigital.com.br\/wp-content\/uploads\/2018\/07\/foto-02-1-300x182.jpg 300w, https:\/\/diarioregionaldigital.com.br\/wp-content\/uploads\/2018\/07\/foto-02-1-360x218.jpg 360w\" sizes=\"auto, (max-width: 660px) 100vw, 660px\" \/><p id=\"caption-attachment-110497\" class=\"wp-caption-text\">Foto: Ilustra\u00e7\u00e3o<\/p><\/div>\n<p>E fico pensando que isso bem deva ser verdade&#8230; Pelo menos enquanto esses sejam temas que n\u00e3o conhecemos ou dominamos.<\/p>\n<p>Futebol, de cara, \u00e9 algo dif\u00edcil de se levar para uma discuss\u00e3o racional, pois j\u00e1 parte de um princ\u00edpio irracional: um monte de marmanjos correndo atr\u00e1s de uma bola.<\/p>\n<p>&nbsp;<\/p>\n<p>Sobre religi\u00e3o&#8230; Esse tema eu teria que me aprofundar \u2018muuuuito\u2019 mais para entender o seguinte: como pode haver tanto \u00f3dio e disc\u00f3rdia em nome do amor universal?<\/p>\n<p>Finalmente a pol\u00edtica&#8230; Nesse tema quero me estender um pouco mais e, para entend\u00ea-lo em Portugu\u00eas claro, precisarei, antes, falar em grego.<\/p>\n<p>Para Arist\u00f3teles, &#8220;a pol\u00edtica era a ci\u00eancia que tinha por objeto a felicidade humana&#8221;, dividindo-a em duas partes:<\/p>\n<p>\u00c9tica &#8211; que se preocupa com a felicidade individual do homem na polis, atingida apenas quando as a\u00e7\u00f5es s\u00e3o guiadas pelo discernimento e senso de justi\u00e7a para se alcan\u00e7ar os sonhos; Pol\u00edtica (propriamente dita) &#8211; que se preocupa com a felicidade coletiva da polis.<\/p>\n<p>Agora, dando um jeitinho brasileir<span style=\"line-height: 1.5;\">o no grego&#8230;\u00a0<\/span>Pol\u00edtica = Polis (cidade) + Ethos (coer\u00eancia entre sonho, discernimento e a\u00e7\u00f5es)<\/p>\n<p>Em outras palavras: o pol\u00edtico, no sentido mais profundo da palavra, surge quando o homem, tendo atingido sua plena felicidade por meio da ethos, busca, por obriga\u00e7\u00e3o moral, compartilhar esse caminho da felicidade para a polis, propiciando aos demais cidad\u00e3os alcan\u00e7arem sua pr\u00f3pria felicidade.<\/p>\n<p>&nbsp;<\/p>\n<div id=\"attachment_110500\" style=\"width: 970px\" class=\"wp-caption aligncenter\"><img loading=\"lazy\" decoding=\"async\" aria-describedby=\"caption-attachment-110500\" class=\"wp-image-110500 size-full\" style=\"color: #333333; font-size: 16px; line-height: 1.5;\" src=\"http:\/\/diarioregionaljf.com.br\/wp-content\/uploads\/2018\/07\/foto-03-2.jpg\" alt=\"\" width=\"960\" height=\"540\" srcset=\"https:\/\/diarioregionaldigital.com.br\/wp-content\/uploads\/2018\/07\/foto-03-2.jpg 960w, https:\/\/diarioregionaldigital.com.br\/wp-content\/uploads\/2018\/07\/foto-03-2-300x169.jpg 300w, https:\/\/diarioregionaldigital.com.br\/wp-content\/uploads\/2018\/07\/foto-03-2-768x432.jpg 768w, https:\/\/diarioregionaldigital.com.br\/wp-content\/uploads\/2018\/07\/foto-03-2-360x203.jpg 360w\" sizes=\"auto, (max-width: 960px) 100vw, 960px\" \/><p id=\"caption-attachment-110500\" class=\"wp-caption-text\">Foto: Ilustra\u00e7\u00e3o<\/p><\/div>\n<p>&nbsp;<\/p>\n<p>Em arquitetura existe uma disciplina que busca exatamente isso, levar a \u201cfelicidade\u201d de uma resid\u00eancia individual para a cidade: o nome dessa disciplina \u00e9 Urbanismo.<\/p>\n<p>&nbsp;<\/p>\n<p>E o cerne do urbanismo \u00e9 o mesmo do ser pol\u00edtico: levar para o coletivo o caminho de acesso \u00e0 felicidade, ou melhor, saber replicar para a cidade, ou para o dom\u00ednio p\u00fablico, aquilo que \u00e9 uma conquista individual. Se uma resid\u00eancia \u201c\u00e9tica\u201d tem um projeto que \u00e9 funcional, permite o melhor fluxo entre os ambientes, permite o uso de ilumina\u00e7\u00e3o e ventila\u00e7\u00e3o naturais, \u00e9 bela, econ\u00f4mica, sustent\u00e1vel&#8230; O urbanismo \u00e9 a disciplina respons\u00e1vel por levar essas caracter\u00edsticas para o \u00e2mbito da cidade<span style=\"line-height: 1.5;\">.<\/span><\/p>\n<p>&nbsp;<\/p>\n<p>Cria\u00e7\u00e3o de espa\u00e7os coletivos de lazer e cultura que integrem e respeitem a caracter\u00edstica de cada comunidade, melhoria da circula\u00e7\u00e3o de pessoas atrav\u00e9s do uso de diversas modalidades de transporte coletivo, requalifica\u00e7\u00e3o de \u00e1reas subutilizadas, integra\u00e7\u00e3o do cotidiano urbano com as \u00e1reas verdes, valoriza\u00e7\u00e3o das vias fluviais&#8230;<\/p>\n<p>&nbsp;<\/p>\n<p>Todas essas quest\u00f5es aparentemente ut\u00f3picas s\u00e3o realidades implantadas concretamente em diversas partes do mundo onde os projetos de urbanistas se uniram \u00e0 boa vontade do poder p\u00fablico.<\/p>\n<div id=\"attachment_110496\" style=\"width: 875px\" class=\"wp-caption aligncenter\"><img loading=\"lazy\" decoding=\"async\" aria-describedby=\"caption-attachment-110496\" class=\"wp-image-110496 size-full\" style=\"line-height: 1.5;\" src=\"http:\/\/diarioregionaljf.com.br\/wp-content\/uploads\/2018\/07\/foto-04.jpg\" alt=\"\" width=\"865\" height=\"427\" srcset=\"https:\/\/diarioregionaldigital.com.br\/wp-content\/uploads\/2018\/07\/foto-04.jpg 865w, https:\/\/diarioregionaldigital.com.br\/wp-content\/uploads\/2018\/07\/foto-04-300x148.jpg 300w, https:\/\/diarioregionaldigital.com.br\/wp-content\/uploads\/2018\/07\/foto-04-768x379.jpg 768w, https:\/\/diarioregionaldigital.com.br\/wp-content\/uploads\/2018\/07\/foto-04-360x178.jpg 360w\" sizes=\"auto, (max-width: 865px) 100vw, 865px\" \/><p id=\"caption-attachment-110496\" class=\"wp-caption-text\">Foto: Ilustra\u00e7\u00e3o<\/p><\/div>\n<p>&nbsp;<\/p>\n<p><span style=\"line-height: 1.5;\">Essas ideias, quando implementadas, al\u00e9m de elevarem a qualidade de vida, tamb\u00e9m desenvolvem economicamente suas regi\u00f5es.\u00a0<\/span>E nem sempre s\u00e3o projetos que envolvem grandes vultos de dinheiro ou de efetiva participa\u00e7\u00e3o do poder p\u00fablico. Mas que impactam positivamente, o coletivo, por meio de a\u00e7\u00f5es pontuais.<\/p>\n<p>&nbsp;<\/p>\n<p>Se por um lado a \u201cpolis\u201d \u00e9 uma constru\u00e7\u00e3o coletiva, por outro \u00e9 uma obr<span style=\"line-height: 1.5;\">iga\u00e7\u00e3o \u00e9tica dos pol\u00edticos, que devem ser como maestros que n\u00e3o podem privilegiar um ou outro instrumento em detrimento de outros.\u00a0<\/span>Est\u00e1 aberta, oficialmente, a temporada de \u201cca\u00e7a aos votos\u201d&#8230;<\/p>\n<p>&nbsp;<\/p>\n<p>N\u00e3o sejamos partidos, sejamos plurais (e \u00fanicos ao mesmo tempo), como os urbanistas. Transbordemos nossa ethos para que todos possam acessar o caminho da constru\u00e7\u00e3o da riqueza e felicidade.<\/p>\n<p>&nbsp;<\/p>\n<p>&nbsp;<\/p>\n","protected":false},"excerpt":{"rendered":"<p>Nessa semana a Prefeitura de Juiz de Fora sancionou, com oito anos de atraso, o novo Plano Diretor de Desenvolvimento Urbano. Um plano que nem foi \u201ccolocado no mercado\u201d e j\u00e1 est\u00e1 com prazo de validade pr\u00f3ximo do vencimento. Falar o que, n\u00e9?&#8230; Diz-se que sobre futebol, religi\u00e3o e pol\u00edtica n\u00e3o devemos discutir. &nbsp; E [&hellip;]<\/p>\n","protected":false},"author":96,"featured_media":110517,"comment_status":"closed","ping_status":"closed","sticky":false,"template":"","format":"standard","meta":{"footnotes":""},"categories":[287,436,439],"tags":[],"class_list":["post-110494","post","type-post","status-publish","format-standard","has-post-thumbnail","hentry","category-arquitetura-fabiano-teixeira","category-destaque-da-semana","category-ultima-hora"],"_links":{"self":[{"href":"https:\/\/diarioregionaldigital.com.br\/index.php?rest_route=\/wp\/v2\/posts\/110494","targetHints":{"allow":["GET"]}}],"collection":[{"href":"https:\/\/diarioregionaldigital.com.br\/index.php?rest_route=\/wp\/v2\/posts"}],"about":[{"href":"https:\/\/diarioregionaldigital.com.br\/index.php?rest_route=\/wp\/v2\/types\/post"}],"author":[{"embeddable":true,"href":"https:\/\/diarioregionaldigital.com.br\/index.php?rest_route=\/wp\/v2\/users\/96"}],"replies":[{"embeddable":true,"href":"https:\/\/diarioregionaldigital.com.br\/index.php?rest_route=%2Fwp%2Fv2%2Fcomments&post=110494"}],"version-history":[{"count":0,"href":"https:\/\/diarioregionaldigital.com.br\/index.php?rest_route=\/wp\/v2\/posts\/110494\/revisions"}],"wp:featuredmedia":[{"embeddable":true,"href":"https:\/\/diarioregionaldigital.com.br\/index.php?rest_route=\/wp\/v2\/media\/110517"}],"wp:attachment":[{"href":"https:\/\/diarioregionaldigital.com.br\/index.php?rest_route=%2Fwp%2Fv2%2Fmedia&parent=110494"}],"wp:term":[{"taxonomy":"category","embeddable":true,"href":"https:\/\/diarioregionaldigital.com.br\/index.php?rest_route=%2Fwp%2Fv2%2Fcategories&post=110494"},{"taxonomy":"post_tag","embeddable":true,"href":"https:\/\/diarioregionaldigital.com.br\/index.php?rest_route=%2Fwp%2Fv2%2Ftags&post=110494"}],"curies":[{"name":"wp","href":"https:\/\/api.w.org\/{rel}","templated":true}]}}