{"id":110492,"date":"2018-07-05T16:31:50","date_gmt":"2018-07-05T19:31:50","guid":{"rendered":"http:\/\/diarioregionaljf.com.br\/?p=110492"},"modified":"2018-07-05T16:31:50","modified_gmt":"2018-07-05T19:31:50","slug":"na-roda-reune-jovens-para-debate-sobre-manifestacoes-de-cultura-e-comunicacao","status":"publish","type":"post","link":"https:\/\/diarioregionaldigital.com.br\/?p=110492","title":{"rendered":"\u201cNa Roda\u201d re\u00fane jovens para debate sobre manifesta\u00e7\u00f5es de cultura e comunica\u00e7\u00e3o"},"content":{"rendered":"<p>Com intuito de entender as formas de cultura produzidas nas periferias, e como se comunicam, a primeira edi\u00e7\u00e3o do projeto \u201cNa Roda\u201d acontecer\u00e1 no s\u00e1bado, 7, a partir das 13 horas, no Centro Cultural \u201cDnar Rocha\u201d (Rua Mariano Proc\u00f3pio, 973). Promovido pelo grupo de pesquisa \u201cVisibilidades Perif\u00e9ricas\u201d, com apoio da Funda\u00e7\u00e3o Cultural \u201cAlfredo Ferreira Lage\u201d (Funalfa), o evento tem entrada franca, e reunir\u00e1 diversas manifesta\u00e7\u00f5es de jovens das periferias juiz-foranas.<\/p>\n<p>O tema &#8220;Comunica\u00e7\u00e3o e Cultura na Periferia\u201d ser\u00e1 abordado durante mesa de discuss\u00f5es, com participa\u00e7\u00e3o das doutoras Adenilde Petrina (honoris causa) e Aline Maia (em comunica\u00e7\u00e3o) e l\u00edder do \u201cVisibilidades Perif\u00e9ricas\u201d. \u201cUm dos objetivos do evento \u00e9 conferir aos sujeitos da nossa pesquisa, os jovens, o lugar que \u00e9 deles. O posto de efetivos protagonistas. Valorizar e jogar luz sobre estas pr\u00e1ticas culturais juvenis\u201d, explicou Maia.<\/p>\n<p>O criador do grupo de dan\u00e7as urbanas \u201cRemiwl Street Crew\u201d, Walmor Calado, tamb\u00e9m estar\u00e1 presente, dividindo suas experi\u00eancias na \u00e1rea: \u201c\u00c9 sempre uma honra estar perto de pessoas que produzem coisas t\u00e3o boas, mas que, pela correria do dia a dia, n\u00e3o conseguimos parar para uma conversa ou para ver de perto a arte do outro\u201d.<\/p>\n<p>A programa\u00e7\u00e3o prev\u00ea, ainda, apresenta\u00e7\u00f5es de Walmor, do coletivo de hip hop feminista \u201cLas Manas Gang\u201d, de poetas do \u201cSlam Perifa\u201d, do Bairro Santa C\u00e2ndida, al\u00e9m dos rappers da \u201cHorda 011\u201d, do Dom Bosco, e do diretor do grupo \u201cPassinho Carioca\u201d (RJ), Thiago de Paula.<\/p>\n<p>&nbsp;<\/p>\n<p>Fonte: Assessoria PJF<\/p>\n","protected":false},"excerpt":{"rendered":"<p>Com intuito de entender as formas de cultura produzidas nas periferias, e como se comunicam, a primeira edi\u00e7\u00e3o do projeto \u201cNa Roda\u201d acontecer\u00e1 no s\u00e1bado, 7, a partir das 13 horas, no Centro Cultural \u201cDnar Rocha\u201d (Rua Mariano Proc\u00f3pio, 973). Promovido pelo grupo de pesquisa \u201cVisibilidades Perif\u00e9ricas\u201d, com apoio da Funda\u00e7\u00e3o Cultural \u201cAlfredo Ferreira Lage\u201d [&hellip;]<\/p>\n","protected":false},"author":96,"featured_media":105098,"comment_status":"closed","ping_status":"closed","sticky":false,"template":"","format":"standard","meta":{"footnotes":""},"categories":[253,439],"tags":[],"class_list":["post-110492","post","type-post","status-publish","format-standard","has-post-thumbnail","hentry","category-cidade","category-ultima-hora"],"_links":{"self":[{"href":"https:\/\/diarioregionaldigital.com.br\/index.php?rest_route=\/wp\/v2\/posts\/110492","targetHints":{"allow":["GET"]}}],"collection":[{"href":"https:\/\/diarioregionaldigital.com.br\/index.php?rest_route=\/wp\/v2\/posts"}],"about":[{"href":"https:\/\/diarioregionaldigital.com.br\/index.php?rest_route=\/wp\/v2\/types\/post"}],"author":[{"embeddable":true,"href":"https:\/\/diarioregionaldigital.com.br\/index.php?rest_route=\/wp\/v2\/users\/96"}],"replies":[{"embeddable":true,"href":"https:\/\/diarioregionaldigital.com.br\/index.php?rest_route=%2Fwp%2Fv2%2Fcomments&post=110492"}],"version-history":[{"count":0,"href":"https:\/\/diarioregionaldigital.com.br\/index.php?rest_route=\/wp\/v2\/posts\/110492\/revisions"}],"wp:featuredmedia":[{"embeddable":true,"href":"https:\/\/diarioregionaldigital.com.br\/index.php?rest_route=\/wp\/v2\/media\/105098"}],"wp:attachment":[{"href":"https:\/\/diarioregionaldigital.com.br\/index.php?rest_route=%2Fwp%2Fv2%2Fmedia&parent=110492"}],"wp:term":[{"taxonomy":"category","embeddable":true,"href":"https:\/\/diarioregionaldigital.com.br\/index.php?rest_route=%2Fwp%2Fv2%2Fcategories&post=110492"},{"taxonomy":"post_tag","embeddable":true,"href":"https:\/\/diarioregionaldigital.com.br\/index.php?rest_route=%2Fwp%2Fv2%2Ftags&post=110492"}],"curies":[{"name":"wp","href":"https:\/\/api.w.org\/{rel}","templated":true}]}}