{"id":110489,"date":"2018-07-05T16:22:01","date_gmt":"2018-07-05T19:22:01","guid":{"rendered":"http:\/\/diarioregionaljf.com.br\/?p=110489"},"modified":"2018-07-05T16:22:01","modified_gmt":"2018-07-05T19:22:01","slug":"alimentos-da-cesta-basica-ficam-mais-caros-pelo-segundo-mes-seguido","status":"publish","type":"post","link":"https:\/\/diarioregionaldigital.com.br\/?p=110489","title":{"rendered":"Alimentos da cesta b\u00e1sica ficam mais caros pelo segundo m\u00eas seguido"},"content":{"rendered":"<p>Os pre\u00e7os dos alimentos que comp\u00f5em a cesta b\u00e1sica subiram no m\u00eas de junho em 15 das 20 capitais brasileiras pesquisadas pelo Departamento Intersindical de Estat\u00edstica e Estudos Socioecon\u00f4micos (Dieese). Na aferi\u00e7\u00e3o de maio, o custo da cesta tamb\u00e9m aumentou na maioria das capitais (18).<\/p>\n<p>As altas mais expressivas foram em Cuiab\u00e1 (7,54%), Recife (5,82%), Curitiba (3,84%), Bel\u00e9m (3,83%) e Porto Alegre (3,45%). As redu\u00e7\u00f5es foram observadas em Campo Grande (4,51%), Florian\u00f3polis (3,70%), Belo Horizonte (0,32%), Goi\u00e2nia (0,23%) e Rio de Janeiro (0,10%).<\/p>\n<p>A cesta com custo mais elevado foi em Porto Alegre, no valor de R$452,81, seguida por S\u00e3o Paulo, R$451,63; Rio de Janeiro, R$445,58, e Cuiab\u00e1, R$425,32. Os menores valores foram observados em Salvador, R$333,00 e Aracaju, R$349,55.<\/p>\n<p>No acumulado de junho de 2017 a junho de 2018, os pre\u00e7os ca\u00edram em 13 cidades, com destaque para Goi\u00e2nia (-6,23%), Jo\u00e3o Pessoa (-5,40%) e Salvador (-4,92%). As altas foram registradas em sete capitais, sendo as principais Cuiab\u00e1 (7,61%) e Rio de Janeiro (6%).<\/p>\n<p><strong>Alimentos<\/strong><\/p>\n<p>Sofreram aumento de pre\u00e7os, o leite integral, a carne bovina de primeira, o feij\u00e3o, a farinha de trigo, o \u00f3leo de soja e o a\u00e7\u00facar. O leite integral subiu em todas as capitais, com varia\u00e7\u00e3o entre 2,34%, em Bel\u00e9m, e 18,01%, em Curitiba.<\/p>\n<p>O quilo da carne bovina de primeira aumentou em 18 capitais, com altas que oscilaram entre 0,27%, em Goi\u00e2nia, e 8,07%, no Rio de Janeiro. A eleva\u00e7\u00e3o do volume de carne exportada e o maior abate de novilhos (carne de melhor qualidade) explicam a alta do quilo da carne no varejo.<\/p>\n<p><strong>Sal\u00e1rio m\u00ednimo<\/strong><\/p>\n<p>O Dieese estimou em R$3.804,06 o sal\u00e1rio m\u00ednimo ideal para a manuten\u00e7\u00e3o de uma fam\u00edlia de quatro pessoas, equivalente a 3,99 vezes o sal\u00e1rio m\u00ednimo brasileiro, hoje R$954.<\/p>\n<p>&nbsp;<\/p>\n<p>Fonte: Ag\u00eancia Brasil<\/p>\n","protected":false},"excerpt":{"rendered":"<p>Os pre\u00e7os dos alimentos que comp\u00f5em a cesta b\u00e1sica subiram no m\u00eas de junho em 15 das 20 capitais brasileiras pesquisadas pelo Departamento Intersindical de Estat\u00edstica e Estudos Socioecon\u00f4micos (Dieese). Na aferi\u00e7\u00e3o de maio, o custo da cesta tamb\u00e9m aumentou na maioria das capitais (18). As altas mais expressivas foram em Cuiab\u00e1 (7,54%), Recife (5,82%), [&hellip;]<\/p>\n","protected":false},"author":96,"featured_media":110490,"comment_status":"closed","ping_status":"closed","sticky":false,"template":"","format":"standard","meta":{"footnotes":""},"categories":[436,261],"tags":[],"class_list":["post-110489","post","type-post","status-publish","format-standard","has-post-thumbnail","hentry","category-destaque-da-semana","category-economia"],"_links":{"self":[{"href":"https:\/\/diarioregionaldigital.com.br\/index.php?rest_route=\/wp\/v2\/posts\/110489","targetHints":{"allow":["GET"]}}],"collection":[{"href":"https:\/\/diarioregionaldigital.com.br\/index.php?rest_route=\/wp\/v2\/posts"}],"about":[{"href":"https:\/\/diarioregionaldigital.com.br\/index.php?rest_route=\/wp\/v2\/types\/post"}],"author":[{"embeddable":true,"href":"https:\/\/diarioregionaldigital.com.br\/index.php?rest_route=\/wp\/v2\/users\/96"}],"replies":[{"embeddable":true,"href":"https:\/\/diarioregionaldigital.com.br\/index.php?rest_route=%2Fwp%2Fv2%2Fcomments&post=110489"}],"version-history":[{"count":0,"href":"https:\/\/diarioregionaldigital.com.br\/index.php?rest_route=\/wp\/v2\/posts\/110489\/revisions"}],"wp:featuredmedia":[{"embeddable":true,"href":"https:\/\/diarioregionaldigital.com.br\/index.php?rest_route=\/wp\/v2\/media\/110490"}],"wp:attachment":[{"href":"https:\/\/diarioregionaldigital.com.br\/index.php?rest_route=%2Fwp%2Fv2%2Fmedia&parent=110489"}],"wp:term":[{"taxonomy":"category","embeddable":true,"href":"https:\/\/diarioregionaldigital.com.br\/index.php?rest_route=%2Fwp%2Fv2%2Fcategories&post=110489"},{"taxonomy":"post_tag","embeddable":true,"href":"https:\/\/diarioregionaldigital.com.br\/index.php?rest_route=%2Fwp%2Fv2%2Ftags&post=110489"}],"curies":[{"name":"wp","href":"https:\/\/api.w.org\/{rel}","templated":true}]}}