{"id":110486,"date":"2018-07-05T16:11:18","date_gmt":"2018-07-05T19:11:18","guid":{"rendered":"http:\/\/diarioregionaljf.com.br\/?p=110486"},"modified":"2018-07-05T16:11:18","modified_gmt":"2018-07-05T19:11:18","slug":"policia-civil-prende-suspeito-de-tentativa-de-feminicidio-na-zona-norte","status":"publish","type":"post","link":"https:\/\/diarioregionaldigital.com.br\/?p=110486","title":{"rendered":"Pol\u00edcia Civil prende suspeito de tentativa de feminic\u00eddio na zona Norte"},"content":{"rendered":"<p>Na manh\u00e3 desta quinta-feira, 5, a Pol\u00edcia Civil de Minas Gerais divulgou informa\u00e7\u00f5es sobre a pris\u00e3o de um jovem de 23 anos, suspeito de ter cometido uma tentativa de feminic\u00eddio contra a ex-namorada, de 24 anos. A v\u00edtima foi esfaqueada pelo rapaz no Bairro Vila Esperan\u00e7a II, zona Norte, no dia 25 de junho.<\/p>\n<p>Conforme a titular da Delegacia Especializada de Atendimento \u00e0 Mulher, Delegada \u00c2ngela Fellet, ele foi preso nessa quarta-feira, 4, no bairro Graja\u00fa, zona Leste da cidade, em virtude de um mandado de pris\u00e3o expedido pela Justi\u00e7a a pedido da autoridade policial, ap\u00f3s investiga\u00e7\u00f5es sobre este caso. Segundo a delegada, o homem teria cometido o crime por conta de um desentendimento envolvendo a v\u00edtima, o suspeito e a atual namorada.<\/p>\n<p>Ainda de acordo com a autoridade policial, o rapaz tem passagem na pol\u00edcia por ter matado um policial civil, em 2012.<\/p>\n<p>O homem foi encaminhado para a unidade prisional de Juiz de Fora, e est\u00e1 \u00e0 disposi\u00e7\u00e3o da Justi\u00e7a.<\/p>\n<p>&nbsp;<\/p>\n<p>Fonte: Assessoria da PC<\/p>\n","protected":false},"excerpt":{"rendered":"<p>Na manh\u00e3 desta quinta-feira, 5, a Pol\u00edcia Civil de Minas Gerais divulgou informa\u00e7\u00f5es sobre a pris\u00e3o de um jovem de 23 anos, suspeito de ter cometido uma tentativa de feminic\u00eddio contra a ex-namorada, de 24 anos. A v\u00edtima foi esfaqueada pelo rapaz no Bairro Vila Esperan\u00e7a II, zona Norte, no dia 25 de junho. Conforme [&hellip;]<\/p>\n","protected":false},"author":96,"featured_media":110487,"comment_status":"closed","ping_status":"closed","sticky":false,"template":"","format":"standard","meta":{"footnotes":""},"categories":[301],"tags":[],"class_list":["post-110486","post","type-post","status-publish","format-standard","has-post-thumbnail","hentry","category-artigos-policiais"],"_links":{"self":[{"href":"https:\/\/diarioregionaldigital.com.br\/index.php?rest_route=\/wp\/v2\/posts\/110486","targetHints":{"allow":["GET"]}}],"collection":[{"href":"https:\/\/diarioregionaldigital.com.br\/index.php?rest_route=\/wp\/v2\/posts"}],"about":[{"href":"https:\/\/diarioregionaldigital.com.br\/index.php?rest_route=\/wp\/v2\/types\/post"}],"author":[{"embeddable":true,"href":"https:\/\/diarioregionaldigital.com.br\/index.php?rest_route=\/wp\/v2\/users\/96"}],"replies":[{"embeddable":true,"href":"https:\/\/diarioregionaldigital.com.br\/index.php?rest_route=%2Fwp%2Fv2%2Fcomments&post=110486"}],"version-history":[{"count":0,"href":"https:\/\/diarioregionaldigital.com.br\/index.php?rest_route=\/wp\/v2\/posts\/110486\/revisions"}],"wp:featuredmedia":[{"embeddable":true,"href":"https:\/\/diarioregionaldigital.com.br\/index.php?rest_route=\/wp\/v2\/media\/110487"}],"wp:attachment":[{"href":"https:\/\/diarioregionaldigital.com.br\/index.php?rest_route=%2Fwp%2Fv2%2Fmedia&parent=110486"}],"wp:term":[{"taxonomy":"category","embeddable":true,"href":"https:\/\/diarioregionaldigital.com.br\/index.php?rest_route=%2Fwp%2Fv2%2Fcategories&post=110486"},{"taxonomy":"post_tag","embeddable":true,"href":"https:\/\/diarioregionaldigital.com.br\/index.php?rest_route=%2Fwp%2Fv2%2Ftags&post=110486"}],"curies":[{"name":"wp","href":"https:\/\/api.w.org\/{rel}","templated":true}]}}