{"id":110469,"date":"2018-07-05T15:16:38","date_gmt":"2018-07-05T18:16:38","guid":{"rendered":"http:\/\/diarioregionaljf.com.br\/?p=110469"},"modified":"2018-07-05T15:16:38","modified_gmt":"2018-07-05T18:16:38","slug":"cesama-realiza-manutencao-em-elevatorias-e-areas-da-cidade-podem-ter-abastecimento-comprometido","status":"publish","type":"post","link":"https:\/\/diarioregionaldigital.com.br\/?p=110469","title":{"rendered":"Cesama realiza manuten\u00e7\u00e3o em elevat\u00f3rias e \u00e1reas da cidade podem ter abastecimento comprometido"},"content":{"rendered":"<p>Nesta quinta-feira, 5, a Companhia de Saneamento Municipal (Cesama) est\u00e1 realizando dois servi\u00e7os emergenciais em unidades distintas. Uma equipe executa reparos na elevat\u00f3ria Paracatu, podendo afetar o abastecimento da parte alta dos bairros Bandeirantes e Parque Guarani, e outra atua na elevat\u00f3ria JK\/Tiguera, com a mesma consequ\u00eancia no Bairro de Lourdes. A Cesama pede a compreens\u00e3o dos moradores locais e orienta para que economizem \u00e1gua durante os servi\u00e7os. A previs\u00e3o \u00e9 de que a a\u00e7\u00e3o nas duas unidades seja conclu\u00edda ainda nesta quinta-feira, com regulariza\u00e7\u00e3o do fornecimento ao longo da noite.<\/p>\n<p>&nbsp;<\/p>\n<p>Fonte: Assessoria PJF<\/p>\n","protected":false},"excerpt":{"rendered":"<p>Nesta quinta-feira, 5, a Companhia de Saneamento Municipal (Cesama) est\u00e1 realizando dois servi\u00e7os emergenciais em unidades distintas. Uma equipe executa reparos na elevat\u00f3ria Paracatu, podendo afetar o abastecimento da parte alta dos bairros Bandeirantes e Parque Guarani, e outra atua na elevat\u00f3ria JK\/Tiguera, com a mesma consequ\u00eancia no Bairro de Lourdes. A Cesama pede a [&hellip;]<\/p>\n","protected":false},"author":96,"featured_media":105098,"comment_status":"closed","ping_status":"closed","sticky":false,"template":"","format":"standard","meta":{"footnotes":""},"categories":[253,439],"tags":[],"class_list":["post-110469","post","type-post","status-publish","format-standard","has-post-thumbnail","hentry","category-cidade","category-ultima-hora"],"_links":{"self":[{"href":"https:\/\/diarioregionaldigital.com.br\/index.php?rest_route=\/wp\/v2\/posts\/110469","targetHints":{"allow":["GET"]}}],"collection":[{"href":"https:\/\/diarioregionaldigital.com.br\/index.php?rest_route=\/wp\/v2\/posts"}],"about":[{"href":"https:\/\/diarioregionaldigital.com.br\/index.php?rest_route=\/wp\/v2\/types\/post"}],"author":[{"embeddable":true,"href":"https:\/\/diarioregionaldigital.com.br\/index.php?rest_route=\/wp\/v2\/users\/96"}],"replies":[{"embeddable":true,"href":"https:\/\/diarioregionaldigital.com.br\/index.php?rest_route=%2Fwp%2Fv2%2Fcomments&post=110469"}],"version-history":[{"count":0,"href":"https:\/\/diarioregionaldigital.com.br\/index.php?rest_route=\/wp\/v2\/posts\/110469\/revisions"}],"wp:featuredmedia":[{"embeddable":true,"href":"https:\/\/diarioregionaldigital.com.br\/index.php?rest_route=\/wp\/v2\/media\/105098"}],"wp:attachment":[{"href":"https:\/\/diarioregionaldigital.com.br\/index.php?rest_route=%2Fwp%2Fv2%2Fmedia&parent=110469"}],"wp:term":[{"taxonomy":"category","embeddable":true,"href":"https:\/\/diarioregionaldigital.com.br\/index.php?rest_route=%2Fwp%2Fv2%2Fcategories&post=110469"},{"taxonomy":"post_tag","embeddable":true,"href":"https:\/\/diarioregionaldigital.com.br\/index.php?rest_route=%2Fwp%2Fv2%2Ftags&post=110469"}],"curies":[{"name":"wp","href":"https:\/\/api.w.org\/{rel}","templated":true}]}}