{"id":110451,"date":"2018-07-05T14:02:54","date_gmt":"2018-07-05T17:02:54","guid":{"rendered":"http:\/\/diarioregionaljf.com.br\/?p=110451"},"modified":"2018-07-05T14:02:54","modified_gmt":"2018-07-05T17:02:54","slug":"projeto-de-lei-permite-que-autistas-nao-precisem-de-identificacao-biometrica-em-coletivos-urbanos","status":"publish","type":"post","link":"https:\/\/diarioregionaldigital.com.br\/?p=110451","title":{"rendered":"Projeto de Lei permite que autistas n\u00e3o precisem de identifica\u00e7\u00e3o biom\u00e9trica em coletivos urbanos"},"content":{"rendered":"<p>Foi aprovado em primeira discuss\u00e3o o projeto de lei (PL), de autoria do vereador Dr. Ant\u00f4nio Aguiar (MDB), que permite que pessoas com o transtorno do espectro autista, que j\u00e1 possuem gratuidade nos coletivos urbanos, de n\u00e3o serem identificadas por meio do reconhecimento biom\u00e9trico facial.<\/p>\n<p>O objetivo da proposi\u00e7\u00e3o \u00e9 n\u00e3o ter que submeter o autista a esse tipo de identifica\u00e7\u00e3o, uma vez que grande parte deles apresenta dificuldade da fixa\u00e7\u00e3o do olhar. Assim, essa situa\u00e7\u00e3o gera constrangimento, al\u00e9m de impedir que essas pessoas tenham acesso ao direito de gratuidade nos transportes p\u00fablicos da cidade.<\/p>\n<p>A mat\u00e9ria precisa passar por mais duas discuss\u00f5es, antes de seguir para a an\u00e1lise do Executivo. Caso seja aprovada, passa a vigorar a partir de sua data de publica\u00e7\u00e3o.<\/p>\n<p>&nbsp;<\/p>\n<p>&nbsp;<\/p>\n<p>Fonte: Assessoria C\u00e2mara JF<\/p>\n","protected":false},"excerpt":{"rendered":"<p>Foi aprovado em primeira discuss\u00e3o o projeto de lei (PL), de autoria do vereador Dr. Ant\u00f4nio Aguiar (MDB), que permite que pessoas com o transtorno do espectro autista, que j\u00e1 possuem gratuidade nos coletivos urbanos, de n\u00e3o serem identificadas por meio do reconhecimento biom\u00e9trico facial. O objetivo da proposi\u00e7\u00e3o \u00e9 n\u00e3o ter que submeter o [&hellip;]<\/p>\n","protected":false},"author":96,"featured_media":110452,"comment_status":"closed","ping_status":"closed","sticky":false,"template":"","format":"standard","meta":{"footnotes":""},"categories":[254,439],"tags":[],"class_list":["post-110451","post","type-post","status-publish","format-standard","has-post-thumbnail","hentry","category-politica","category-ultima-hora"],"_links":{"self":[{"href":"https:\/\/diarioregionaldigital.com.br\/index.php?rest_route=\/wp\/v2\/posts\/110451","targetHints":{"allow":["GET"]}}],"collection":[{"href":"https:\/\/diarioregionaldigital.com.br\/index.php?rest_route=\/wp\/v2\/posts"}],"about":[{"href":"https:\/\/diarioregionaldigital.com.br\/index.php?rest_route=\/wp\/v2\/types\/post"}],"author":[{"embeddable":true,"href":"https:\/\/diarioregionaldigital.com.br\/index.php?rest_route=\/wp\/v2\/users\/96"}],"replies":[{"embeddable":true,"href":"https:\/\/diarioregionaldigital.com.br\/index.php?rest_route=%2Fwp%2Fv2%2Fcomments&post=110451"}],"version-history":[{"count":0,"href":"https:\/\/diarioregionaldigital.com.br\/index.php?rest_route=\/wp\/v2\/posts\/110451\/revisions"}],"wp:featuredmedia":[{"embeddable":true,"href":"https:\/\/diarioregionaldigital.com.br\/index.php?rest_route=\/wp\/v2\/media\/110452"}],"wp:attachment":[{"href":"https:\/\/diarioregionaldigital.com.br\/index.php?rest_route=%2Fwp%2Fv2%2Fmedia&parent=110451"}],"wp:term":[{"taxonomy":"category","embeddable":true,"href":"https:\/\/diarioregionaldigital.com.br\/index.php?rest_route=%2Fwp%2Fv2%2Fcategories&post=110451"},{"taxonomy":"post_tag","embeddable":true,"href":"https:\/\/diarioregionaldigital.com.br\/index.php?rest_route=%2Fwp%2Fv2%2Ftags&post=110451"}],"curies":[{"name":"wp","href":"https:\/\/api.w.org\/{rel}","templated":true}]}}