{"id":110442,"date":"2018-07-05T13:08:09","date_gmt":"2018-07-05T16:08:09","guid":{"rendered":"http:\/\/diarioregionaljf.com.br\/?p=110442"},"modified":"2018-07-05T13:08:09","modified_gmt":"2018-07-05T16:08:09","slug":"sambo-se-apresenta-na-expo-feliz-2018-em-espera-feliz","status":"publish","type":"post","link":"https:\/\/diarioregionaldigital.com.br\/?p=110442","title":{"rendered":"Samb\u00f4 se apresenta na Expo Feliz 2018 em Espera Feliz"},"content":{"rendered":"<p>N\u00e3o h\u00e1 d\u00favidas que o samba \u00e9 o ritmo mais brasileiro que existe. E h\u00e1 10 anos o\u00a0Samb\u00f4<strong>\u00a0<\/strong>mostra que \u00e9 poss\u00edvel abrasileirar qualquer sucesso para deixar o som ainda mais animado. Com seu jeito \u00fanico de fazer m\u00fasica, em uma mistura de samba, rock, pop e MPB, o grupo se apresenta em Espera feliz nesta sexta-feira, 13, no Parque de Exposi\u00e7\u00f5es, \u00e0s 23h, durante a Expo Feliz 2018.<\/p>\n<p>\u201cGostamos de quando todo mundo canta junto, vibrando. Ent\u00e3o nosso repert\u00f3rio \u00e9 exatamente assim, cheio de m\u00fasicas alto astral com aquele clima de festa\u201d, conta o vocalista Hugo Rafael.<\/p>\n<p>Nessa ousadia musical, a pegada soul de Hugo Rafael se une ao molejo de Z\u00e9 da Paz que passeia no rock das baquetas de Jacques Monastier para ganhar vida no cavaco de Fejuca, al\u00e9m da dire\u00e7\u00e3o musical de Ricardo Gama, ex-integrante e idealizador da banda. Os amigos viajam o Brasil todo levando alegria pelos palcos onde passam e conquistando cada vez mais os apaixonados por boa m\u00fasica.<\/p>\n<p>A entrada para o evento \u00e9 gratuita.<\/p>\n<p><strong>Sobre o Samb\u00f4<\/strong><\/p>\n<p>H\u00e1 mais de dez anos, um grupo de amigos se uniu com um prop\u00f3sito bem simples: fazer uma roda de samba, bater papo e se divertir. Assim nasceu o Samb\u00f4, uma mistura de ritmos e escolas musicais que leva alegria por onde passa. Mas essa mistura n\u00e3o parou por a\u00ed, o grupo virou refer\u00eancia nos palcos por conta de sua ousadia musical que une rock com samba e transforma cl\u00e1ssicos em um som cheio de suingue e batuque. De um jeito leve e descontra\u00eddo, o Samb\u00f4 conquistou um p\u00fablico fiel, apaixonado pela m\u00fasica e pela festa que faz no palco.<\/p>\n<p>Pediu pra sambar, Samb\u00f4!<\/p>\n<p>&nbsp;<\/p>\n<p>Fonte: Assessoria<\/p>\n<p>&nbsp;<\/p>\n","protected":false},"excerpt":{"rendered":"<p>N\u00e3o h\u00e1 d\u00favidas que o samba \u00e9 o ritmo mais brasileiro que existe. E h\u00e1 10 anos o\u00a0Samb\u00f4\u00a0mostra que \u00e9 poss\u00edvel abrasileirar qualquer sucesso para deixar o som ainda mais animado. Com seu jeito \u00fanico de fazer m\u00fasica, em uma mistura de samba, rock, pop e MPB, o grupo se apresenta em Espera feliz nesta [&hellip;]<\/p>\n","protected":false},"author":96,"featured_media":110444,"comment_status":"closed","ping_status":"closed","sticky":false,"template":"","format":"standard","meta":{"footnotes":""},"categories":[256],"tags":[],"class_list":["post-110442","post","type-post","status-publish","format-standard","has-post-thumbnail","hentry","category-cultura"],"_links":{"self":[{"href":"https:\/\/diarioregionaldigital.com.br\/index.php?rest_route=\/wp\/v2\/posts\/110442","targetHints":{"allow":["GET"]}}],"collection":[{"href":"https:\/\/diarioregionaldigital.com.br\/index.php?rest_route=\/wp\/v2\/posts"}],"about":[{"href":"https:\/\/diarioregionaldigital.com.br\/index.php?rest_route=\/wp\/v2\/types\/post"}],"author":[{"embeddable":true,"href":"https:\/\/diarioregionaldigital.com.br\/index.php?rest_route=\/wp\/v2\/users\/96"}],"replies":[{"embeddable":true,"href":"https:\/\/diarioregionaldigital.com.br\/index.php?rest_route=%2Fwp%2Fv2%2Fcomments&post=110442"}],"version-history":[{"count":0,"href":"https:\/\/diarioregionaldigital.com.br\/index.php?rest_route=\/wp\/v2\/posts\/110442\/revisions"}],"wp:featuredmedia":[{"embeddable":true,"href":"https:\/\/diarioregionaldigital.com.br\/index.php?rest_route=\/wp\/v2\/media\/110444"}],"wp:attachment":[{"href":"https:\/\/diarioregionaldigital.com.br\/index.php?rest_route=%2Fwp%2Fv2%2Fmedia&parent=110442"}],"wp:term":[{"taxonomy":"category","embeddable":true,"href":"https:\/\/diarioregionaldigital.com.br\/index.php?rest_route=%2Fwp%2Fv2%2Fcategories&post=110442"},{"taxonomy":"post_tag","embeddable":true,"href":"https:\/\/diarioregionaldigital.com.br\/index.php?rest_route=%2Fwp%2Fv2%2Ftags&post=110442"}],"curies":[{"name":"wp","href":"https:\/\/api.w.org\/{rel}","templated":true}]}}