{"id":110431,"date":"2018-07-05T11:28:07","date_gmt":"2018-07-05T14:28:07","guid":{"rendered":"http:\/\/diarioregionaljf.com.br\/?p=110431"},"modified":"2018-07-05T11:28:07","modified_gmt":"2018-07-05T14:28:07","slug":"tres-pessoas-ficam-presas-em-elevador-e-sao-resgatadas-pelos-bombeiros-em-leopoldina","status":"publish","type":"post","link":"https:\/\/diarioregionaldigital.com.br\/?p=110431","title":{"rendered":"Tr\u00eas pessoas ficam presas em elevador e s\u00e3o resgatadas pelos bombeiros em Leopoldina"},"content":{"rendered":"<div class=\"detalhe-texto\">Tr\u00eas pessoas ficaram presas no elevador de um pr\u00e9dio residencial por 40 minutos, nessa quarta-feira 4, em Leopoldina. Um homem e duas senhoras foram socorridos pelo Corpo de Bombeiros ap\u00f3s ficarem presos entre o segundo e o terceiro andar do pr\u00e9dio, de cinco andares. A ocorr\u00eancia foi registrada na Rua Padre J\u00falio, regi\u00e3o central da cidade, por volta das 19h30.<\/p>\n<p>Os bombeiros militares Sargento Rodrigo, Sargento Fabrine, Soldado Vieira e Soldado Pereira utilizaram ferramentas espec\u00edficas e conseguiram abrir a porta do elevador. As tr\u00eas pessoas foram resgatadas sem ferimentos. Segundo a corpora\u00e7\u00e3o, foi feito o isolamento dos elevadores e os moradores orientados a n\u00e3o utilizarem o local at\u00e9 a chegada da empresa que presta servi\u00e7o de manuten\u00e7\u00e3o.<\/p><\/div>\n<p>&nbsp;<\/p>\n<p><b>Fonte:\u00a0<\/b>O VIGILANTE ONLINE<\/p>\n","protected":false},"excerpt":{"rendered":"<p>Tr\u00eas pessoas ficaram presas no elevador de um pr\u00e9dio residencial por 40 minutos, nessa quarta-feira 4, em Leopoldina. Um homem e duas senhoras foram socorridos pelo Corpo de Bombeiros ap\u00f3s ficarem presos entre o segundo e o terceiro andar do pr\u00e9dio, de cinco andares. A ocorr\u00eancia foi registrada na Rua Padre J\u00falio, regi\u00e3o central da [&hellip;]<\/p>\n","protected":false},"author":96,"featured_media":110432,"comment_status":"closed","ping_status":"closed","sticky":false,"template":"","format":"standard","meta":{"footnotes":""},"categories":[252,439],"tags":[],"class_list":["post-110431","post","type-post","status-publish","format-standard","has-post-thumbnail","hentry","category-regiao","category-ultima-hora"],"_links":{"self":[{"href":"https:\/\/diarioregionaldigital.com.br\/index.php?rest_route=\/wp\/v2\/posts\/110431","targetHints":{"allow":["GET"]}}],"collection":[{"href":"https:\/\/diarioregionaldigital.com.br\/index.php?rest_route=\/wp\/v2\/posts"}],"about":[{"href":"https:\/\/diarioregionaldigital.com.br\/index.php?rest_route=\/wp\/v2\/types\/post"}],"author":[{"embeddable":true,"href":"https:\/\/diarioregionaldigital.com.br\/index.php?rest_route=\/wp\/v2\/users\/96"}],"replies":[{"embeddable":true,"href":"https:\/\/diarioregionaldigital.com.br\/index.php?rest_route=%2Fwp%2Fv2%2Fcomments&post=110431"}],"version-history":[{"count":0,"href":"https:\/\/diarioregionaldigital.com.br\/index.php?rest_route=\/wp\/v2\/posts\/110431\/revisions"}],"wp:featuredmedia":[{"embeddable":true,"href":"https:\/\/diarioregionaldigital.com.br\/index.php?rest_route=\/wp\/v2\/media\/110432"}],"wp:attachment":[{"href":"https:\/\/diarioregionaldigital.com.br\/index.php?rest_route=%2Fwp%2Fv2%2Fmedia&parent=110431"}],"wp:term":[{"taxonomy":"category","embeddable":true,"href":"https:\/\/diarioregionaldigital.com.br\/index.php?rest_route=%2Fwp%2Fv2%2Fcategories&post=110431"},{"taxonomy":"post_tag","embeddable":true,"href":"https:\/\/diarioregionaldigital.com.br\/index.php?rest_route=%2Fwp%2Fv2%2Ftags&post=110431"}],"curies":[{"name":"wp","href":"https:\/\/api.w.org\/{rel}","templated":true}]}}