{"id":110422,"date":"2018-07-05T11:15:10","date_gmt":"2018-07-05T14:15:10","guid":{"rendered":"http:\/\/diarioregionaljf.com.br\/?p=110422"},"modified":"2018-07-05T11:15:55","modified_gmt":"2018-07-05T14:15:55","slug":"dupla-armada-rouba-coletivo-no-bairro-sao-geraldo","status":"publish","type":"post","link":"https:\/\/diarioregionaldigital.com.br\/?p=110422","title":{"rendered":"Dupla armada rouba coletivo no bairro S\u00e3o Geraldo"},"content":{"rendered":"<p>Um \u00f4nibus que realiza a linha Bandeirantes\/S\u00e3o Geraldo foi assaltado na noite dessa quarta-feira, 4, no bairro S\u00e3o Geraldo, localizado na zona Sul da cidade.<\/p>\n<p>De acordo com o registro de ocorr\u00eancias da Pol\u00edcia Militar (PM), o coletivo estava sendo manobrado na Rua Jo\u00e3o D\u2019Agosto, pelo motorista, de 33 anos, quando o mesmo foi abordado por dois indiv\u00edduos desconhecidos, um deles armado de faca e o outro de rev\u00f3lver, que anunciaram o roubo.<\/p>\n<p>Os assaltantes entraram no \u00f4nibus amea\u00e7aram o motorista, o cobrador, de 37, e outros dois passageiros, sendo eles uma mulher de 47 anos e um homem de 43. Eles levaram R$20 do caixa do \u00f4nibus al\u00e9m de aparelhos celulares das v\u00edtimas.<\/p>\n<p>Ap\u00f3s o crime, os autores fugiram em dire\u00e7\u00e3o a um pasto pr\u00f3ximo ao local.<\/p>\n","protected":false},"excerpt":{"rendered":"<p>Um \u00f4nibus que realiza a linha Bandeirantes\/S\u00e3o Geraldo foi assaltado na noite dessa quarta-feira, 4, no bairro S\u00e3o Geraldo, localizado na zona Sul da cidade. De acordo com o registro de ocorr\u00eancias da Pol\u00edcia Militar (PM), o coletivo estava sendo manobrado na Rua Jo\u00e3o D\u2019Agosto, pelo motorista, de 33 anos, quando o mesmo foi abordado [&hellip;]<\/p>\n","protected":false},"author":96,"featured_media":97342,"comment_status":"closed","ping_status":"closed","sticky":false,"template":"","format":"standard","meta":{"footnotes":""},"categories":[301,439],"tags":[],"class_list":["post-110422","post","type-post","status-publish","format-standard","has-post-thumbnail","hentry","category-artigos-policiais","category-ultima-hora"],"_links":{"self":[{"href":"https:\/\/diarioregionaldigital.com.br\/index.php?rest_route=\/wp\/v2\/posts\/110422","targetHints":{"allow":["GET"]}}],"collection":[{"href":"https:\/\/diarioregionaldigital.com.br\/index.php?rest_route=\/wp\/v2\/posts"}],"about":[{"href":"https:\/\/diarioregionaldigital.com.br\/index.php?rest_route=\/wp\/v2\/types\/post"}],"author":[{"embeddable":true,"href":"https:\/\/diarioregionaldigital.com.br\/index.php?rest_route=\/wp\/v2\/users\/96"}],"replies":[{"embeddable":true,"href":"https:\/\/diarioregionaldigital.com.br\/index.php?rest_route=%2Fwp%2Fv2%2Fcomments&post=110422"}],"version-history":[{"count":0,"href":"https:\/\/diarioregionaldigital.com.br\/index.php?rest_route=\/wp\/v2\/posts\/110422\/revisions"}],"wp:featuredmedia":[{"embeddable":true,"href":"https:\/\/diarioregionaldigital.com.br\/index.php?rest_route=\/wp\/v2\/media\/97342"}],"wp:attachment":[{"href":"https:\/\/diarioregionaldigital.com.br\/index.php?rest_route=%2Fwp%2Fv2%2Fmedia&parent=110422"}],"wp:term":[{"taxonomy":"category","embeddable":true,"href":"https:\/\/diarioregionaldigital.com.br\/index.php?rest_route=%2Fwp%2Fv2%2Fcategories&post=110422"},{"taxonomy":"post_tag","embeddable":true,"href":"https:\/\/diarioregionaldigital.com.br\/index.php?rest_route=%2Fwp%2Fv2%2Ftags&post=110422"}],"curies":[{"name":"wp","href":"https:\/\/api.w.org\/{rel}","templated":true}]}}