{"id":110420,"date":"2018-07-05T10:08:58","date_gmt":"2018-07-05T13:08:58","guid":{"rendered":"http:\/\/diarioregionaljf.com.br\/?p=110420"},"modified":"2018-07-05T10:09:48","modified_gmt":"2018-07-05T13:09:48","slug":"paciente-tem-surto-pega-tesoura-e-ameaca-funcionarios-e-outros-pacientes-em-hospital","status":"publish","type":"post","link":"https:\/\/diarioregionaldigital.com.br\/?p=110420","title":{"rendered":"Paciente tem surto, pega tesoura e amea\u00e7a funcion\u00e1rios e outros pacientes em hospital"},"content":{"rendered":"<p>Um paciente, de 49 anos, internado na Santa Casa de Juiz de Fora, teve um surto, se apossou de uma tesoura e passou a amea\u00e7ar os demais pacientes e funcion\u00e1rios do local na noite dessa quarta-feira, 4.<\/p>\n<p>De acordo com o registro de ocorr\u00eancias da Pol\u00edcia Militar (PM), o paciente teria passado por uma cirurgia para retirada de um aneurisma\/tumor cerebral, dias antes do ocorrido.<\/p>\n<p>Na noite de ontem ele teria entrado em um colapso de personalidade, quando ent\u00e3o come\u00e7ou a amea\u00e7ar outras pessoas dentro do hospital.<\/p>\n<p>Uma guarni\u00e7\u00e3o da pol\u00edcia chegou ao local, tentou conversar com o autor, contudo n\u00e3o obteve \u00eaxito, sendo necess\u00e1rio efetuar dois disparos de bala de borracha que atingiu sua perna esquerda. Entretanto, o autor continuou resistente, sendo necess\u00e1rio o emprego do spray de pimenta para finalmente conter a agressividade.<\/p>\n<p>Antes da chegada da PM, um seguran\u00e7a do hospital, de 50 anos, tentou intervir na situa\u00e7\u00e3o e teve seu uniforme totalmente rasgado pelo autor.<\/p>\n<p>Ainda segundo a PM nenhuma pessoa sofreu les\u00e3o corporal por parte do autor.<\/p>\n<p>Ap\u00f3s o ocorrido e j\u00e1 sob controle, o paciente segue internado.<\/p>\n<p>O hospital encaminhou nota em rela\u00e7\u00e3o ao ocorrido. \u201cA Santa Casa de Juiz de Fora\u00a0agradece o trabalho da Pol\u00edcia Militar, que foi de extrema import\u00e2ncia e muito profissional. Internamente estamos tomando todas as provid\u00eancias, tanto do ponto de vista administrativo, quanto m\u00e9dico\u201d.<\/p>\n","protected":false},"excerpt":{"rendered":"<p>Um paciente, de 49 anos, internado na Santa Casa de Juiz de Fora, teve um surto, se apossou de uma tesoura e passou a amea\u00e7ar os demais pacientes e funcion\u00e1rios do local na noite dessa quarta-feira, 4. De acordo com o registro de ocorr\u00eancias da Pol\u00edcia Militar (PM), o paciente teria passado por uma cirurgia [&hellip;]<\/p>\n","protected":false},"author":96,"featured_media":97342,"comment_status":"closed","ping_status":"closed","sticky":false,"template":"","format":"standard","meta":{"footnotes":""},"categories":[301,439],"tags":[],"class_list":["post-110420","post","type-post","status-publish","format-standard","has-post-thumbnail","hentry","category-artigos-policiais","category-ultima-hora"],"_links":{"self":[{"href":"https:\/\/diarioregionaldigital.com.br\/index.php?rest_route=\/wp\/v2\/posts\/110420","targetHints":{"allow":["GET"]}}],"collection":[{"href":"https:\/\/diarioregionaldigital.com.br\/index.php?rest_route=\/wp\/v2\/posts"}],"about":[{"href":"https:\/\/diarioregionaldigital.com.br\/index.php?rest_route=\/wp\/v2\/types\/post"}],"author":[{"embeddable":true,"href":"https:\/\/diarioregionaldigital.com.br\/index.php?rest_route=\/wp\/v2\/users\/96"}],"replies":[{"embeddable":true,"href":"https:\/\/diarioregionaldigital.com.br\/index.php?rest_route=%2Fwp%2Fv2%2Fcomments&post=110420"}],"version-history":[{"count":0,"href":"https:\/\/diarioregionaldigital.com.br\/index.php?rest_route=\/wp\/v2\/posts\/110420\/revisions"}],"wp:featuredmedia":[{"embeddable":true,"href":"https:\/\/diarioregionaldigital.com.br\/index.php?rest_route=\/wp\/v2\/media\/97342"}],"wp:attachment":[{"href":"https:\/\/diarioregionaldigital.com.br\/index.php?rest_route=%2Fwp%2Fv2%2Fmedia&parent=110420"}],"wp:term":[{"taxonomy":"category","embeddable":true,"href":"https:\/\/diarioregionaldigital.com.br\/index.php?rest_route=%2Fwp%2Fv2%2Fcategories&post=110420"},{"taxonomy":"post_tag","embeddable":true,"href":"https:\/\/diarioregionaldigital.com.br\/index.php?rest_route=%2Fwp%2Fv2%2Ftags&post=110420"}],"curies":[{"name":"wp","href":"https:\/\/api.w.org\/{rel}","templated":true}]}}