{"id":110408,"date":"2018-07-05T09:04:07","date_gmt":"2018-07-05T12:04:07","guid":{"rendered":"http:\/\/diarioregionaljf.com.br\/?p=110408"},"modified":"2018-07-05T09:54:21","modified_gmt":"2018-07-05T12:54:21","slug":"jovem-e-atingido-por-dois-tiros-enquanto-andava-de-cavalo-pelo-bairro-santa-efigenia","status":"publish","type":"post","link":"https:\/\/diarioregionaldigital.com.br\/?p=110408","title":{"rendered":"Jovem \u00e9 atingido por dois tiros enquanto andava de cavalo pelo bairro Santa Efig\u00eania"},"content":{"rendered":"<p>Um jovem de 18 anos foi atingido por dois disparos de arma de fogo enquanto andava de cavalo pelo bairro Santa Efig\u00eania, localizado na zona Sul da cidade.\u00a0O caso ocorreu nessa quarta-feira, 4.<\/p>\n<p>De acordo com o registro de ocorr\u00eancias da Pol\u00edcia Militar (PM), o jovem passava pela Avenida Pedro Afonso Pinheiro quando foi atingido por dois disparos de arma de fogo, tendo um deles atingido de rasp\u00e3o do lado direito da cabe\u00e7a e o outro a sua regi\u00e3o abdominal do lado direito, , vindo os proj\u00e9teis transfixar as regi\u00f5es atingidas do corpo da v\u00edtima.<\/p>\n<p>O jovem foi socorrido e encaminhado para o Hospital de Pronto Socorro (HPS). Ele segue internado e n\u00e3o corre risco de vida.<\/p>\n<p>Ele n\u00e3o soube informar aos policiais quem seriam os autores dos disparos. Nenhum suspeito foi localizado.<\/p>\n","protected":false},"excerpt":{"rendered":"<p>Um jovem de 18 anos foi atingido por dois disparos de arma de fogo enquanto andava de cavalo pelo bairro Santa Efig\u00eania, localizado na zona Sul da cidade.\u00a0O caso ocorreu nessa quarta-feira, 4. De acordo com o registro de ocorr\u00eancias da Pol\u00edcia Militar (PM), o jovem passava pela Avenida Pedro Afonso Pinheiro quando foi atingido [&hellip;]<\/p>\n","protected":false},"author":96,"featured_media":97342,"comment_status":"closed","ping_status":"closed","sticky":false,"template":"","format":"standard","meta":{"footnotes":""},"categories":[301,439],"tags":[],"class_list":["post-110408","post","type-post","status-publish","format-standard","has-post-thumbnail","hentry","category-artigos-policiais","category-ultima-hora"],"_links":{"self":[{"href":"https:\/\/diarioregionaldigital.com.br\/index.php?rest_route=\/wp\/v2\/posts\/110408","targetHints":{"allow":["GET"]}}],"collection":[{"href":"https:\/\/diarioregionaldigital.com.br\/index.php?rest_route=\/wp\/v2\/posts"}],"about":[{"href":"https:\/\/diarioregionaldigital.com.br\/index.php?rest_route=\/wp\/v2\/types\/post"}],"author":[{"embeddable":true,"href":"https:\/\/diarioregionaldigital.com.br\/index.php?rest_route=\/wp\/v2\/users\/96"}],"replies":[{"embeddable":true,"href":"https:\/\/diarioregionaldigital.com.br\/index.php?rest_route=%2Fwp%2Fv2%2Fcomments&post=110408"}],"version-history":[{"count":0,"href":"https:\/\/diarioregionaldigital.com.br\/index.php?rest_route=\/wp\/v2\/posts\/110408\/revisions"}],"wp:featuredmedia":[{"embeddable":true,"href":"https:\/\/diarioregionaldigital.com.br\/index.php?rest_route=\/wp\/v2\/media\/97342"}],"wp:attachment":[{"href":"https:\/\/diarioregionaldigital.com.br\/index.php?rest_route=%2Fwp%2Fv2%2Fmedia&parent=110408"}],"wp:term":[{"taxonomy":"category","embeddable":true,"href":"https:\/\/diarioregionaldigital.com.br\/index.php?rest_route=%2Fwp%2Fv2%2Fcategories&post=110408"},{"taxonomy":"post_tag","embeddable":true,"href":"https:\/\/diarioregionaldigital.com.br\/index.php?rest_route=%2Fwp%2Fv2%2Ftags&post=110408"}],"curies":[{"name":"wp","href":"https:\/\/api.w.org\/{rel}","templated":true}]}}