{"id":110283,"date":"2018-07-03T21:17:30","date_gmt":"2018-07-04T00:17:30","guid":{"rendered":"http:\/\/diarioregionaljf.com.br\/?p=110283"},"modified":"2018-07-03T21:17:30","modified_gmt":"2018-07-04T00:17:30","slug":"doencas-da-memoria-quais-sao-e-como-identificar","status":"publish","type":"post","link":"https:\/\/diarioregionaldigital.com.br\/?p=110283","title":{"rendered":"Doen\u00e7as da mem\u00f3ria: quais s\u00e3o e como identificar"},"content":{"rendered":"<p class=\"normal\"><span style=\"font-size: 12.0pt; line-height: 115%;\">Doen\u00e7as da mem\u00f3ria podem acometer a qualquer pessoa em qualquer idade, mas \u00e9 durante o envelhecimento que os sintomas de esquecimento podem se agravar. Muitos dos epis\u00f3dios de falta de mem\u00f3ria est\u00e3o associados \u00e0s quest\u00f5es do dia a dia, como o grande fluxo de informa\u00e7\u00f5es e a dificuldade para reter todas elas no c\u00e9rebro, mas o esquecimento tamb\u00e9m pode ser ocasionado por s\u00edndromes e doen\u00e7as que devem ser diagnosticadas precocemente.<\/span><\/p>\n<p class=\"normal\"><span style=\"font-size: 12.0pt; line-height: 115%;\">\u00a0<\/span><\/p>\n<p class=\"normal\"><span style=\"font-size: 12.0pt; line-height: 115%;\">V\u00e1rias dessas doen\u00e7as s\u00e3o irrevers\u00edveis e tudo o que se pode fazer \u00e9 atuar para que a evolu\u00e7\u00e3o n\u00e3o seja t\u00e3o dram\u00e1tica. Por isso, \u00e9 muito importante que o paciente possa ser acompanhado por uma equipe multidisciplinar capacitada para dar todo o suporte que a doen\u00e7a exige. <\/span><a href=\"http:\/\/casaderepousoemsaopaulo.com\/\"><span style=\"font-size: 12.0pt; line-height: 115%; color: #1155cc;\">Casas de repouso para idosos<\/span><\/a><span style=\"font-size: 12.0pt; line-height: 115%;\"> s\u00e3o boas op\u00e7\u00f5es para idosos que est\u00e3o nessa condi\u00e7\u00e3o e cujos familiares n\u00e3o disp\u00f5em de meios para mant\u00ea-los em suas casas, com a seguran\u00e7a necess\u00e1ria.<\/span><\/p>\n<p class=\"normal\"><span style=\"font-size: 12.0pt; line-height: 115%;\">\u00a0<\/span><\/p>\n<p class=\"normal\"><span style=\"font-size: 12.0pt; line-height: 115%;\">Veja algumas doen\u00e7as mais comuns que causam falhas na mem\u00f3ria:<\/span><\/p>\n<h2>D\u00e9ficit de mem\u00f3ria associado \u00e0 idade<\/h2>\n<p class=\"normal\"><span style=\"font-size: 12.0pt; line-height: 115%;\">Esta n\u00e3o \u00e9 propriamente um doen\u00e7a, mas pode acometer qualquer pessoa durante o envelhecimento. Pode surgir por volta dos 40 a 50 anos de idade e \u00e9 marcado por pequeno preju\u00edzo de aten\u00e7\u00e3o, perda leve de concentra\u00e7\u00e3o e vaga dificuldade em armazenar dados recentes. \u00c9 tamb\u00e9m muito atribu\u00eddo ao aumento da carga de estresse que o indiv\u00edduo pode acumular ao longo do dia, diante de grande ac\u00famulo de informa\u00e7\u00f5es ou elevado grau de preocupa\u00e7\u00e3o com o trabalho, por exemplo. <\/span><\/p>\n<h2>S\u00edndrome demencial<\/h2>\n<p class=\"normal\"><span style=\"font-size: 12.0pt; line-height: 115%;\">A s\u00edndrome demencial \u00e9 um est\u00e1gio avan\u00e7ado do d\u00e9ficit de mem\u00f3ria. De 20% a 30% dos pacientes com perda de mem\u00f3ria associada \u00e0 idade desenvolvem uma doen\u00e7a mais s\u00e9ria. \u00c9 considerada uma doen\u00e7a quando prejudica o paciente de forma que o impede de manter certas fun\u00e7\u00f5es sociais, pessoais e profissionais. N\u00e3o est\u00e1 necessariamente ligada ao envelhecimento, mas tende a acometer pessoas com mais de 60 anos, podendo nunca ocorrer mesmo em idosos acima dos 90. \u00c9 caracterizada por perdas graves da mem\u00f3ria recente que ocasionam deslizes no trabalho, esquecimento do nome de familiares pr\u00f3ximos &#8211; principalmente mais novos, como netos &#8211; e lapsos no dia a dia, como deixar de pagar uma conta por n\u00e3o lembrar.<\/span><\/p>\n<p class=\"normal\">\n<h2>Doen\u00e7a de Alzheimer<\/h2>\n<p class=\"normal\"><span style=\"font-size: 12.0pt; line-height: 115%;\">A doen\u00e7a de Alzheimer \u00e9 considerada uma das mais devastadoras da mem\u00f3ria. Menos de 5% da popula\u00e7\u00e3o com 50 anos t\u00eam a doen\u00e7a, por\u00e9m ela acomete quase a metade dos idosos com mais de 90 anos. \u00c9 causada pela redu\u00e7\u00e3o do n\u00famero de neur\u00f4nios no c\u00e9rebro e pelo ac\u00famulo de uma prote\u00edna denominada beta-amiloide. Como \u00e9 degenerativa, a fun\u00e7\u00e3o intelectual vai sendo perdida gradualmente, come\u00e7ando com leves esquecimentos &#8211; n\u00fameros de telefone, recados do dia a dia &#8211; a graves perdas de mem\u00f3ria, como deixar de comer e de se vestir. O Alzheimer causa graves perdas sociais e um paciente em est\u00e1gio avan\u00e7ado da doen\u00e7a fica praticamente incapaz de manter certas fun\u00e7\u00f5es sociais.<\/span><\/p>\n<p class=\"normal\">\n<h2>Parkinson associado \u00e0 dem\u00eancia<\/h2>\n<p class=\"normal\"><span style=\"font-size: 12.0pt; line-height: 115%;\">A doen\u00e7a de Parkinson n\u00e3o causa necessariamente dem\u00eancia, pois sua condi\u00e7\u00e3o neurol\u00f3gica degenerativa e progressiva compromete a coordena\u00e7\u00e3o dos m\u00fasculos corporais e do movimento, causando tremores, rigidez muscular e lentid\u00e3o. Por\u00e9m, cerca de um ter\u00e7o das pessoas com Parkinson podem desenvolver algum tipo de dem\u00eancia na fase tardia da vida. Ela ocorre porque a doen\u00e7a de Parkinson faz surgir dep\u00f3sitos microsc\u00f3picos em c\u00e9lulas nervosas do c\u00e9rebro denominados corpos de Lewy, associados \u00e0 dem\u00eancia em algumas pacientes. A atua\u00e7\u00e3o desses dep\u00f3sitos microsc\u00f3picos tem o nome espec\u00edfico de dem\u00eancia de corpos de Lewy que pode causar esquecimento, lentid\u00e3o de pensamento, letargia e incapacidades mentais para racioc\u00ednio, tomada de decis\u00e3o, planejamento e confronto de situa\u00e7\u00f5es novas.<\/span><\/p>\n<p class=\"normal\">\n<h2>Doen\u00e7as de mem\u00f3ria revers\u00edveis<\/h2>\n<p class=\"normal\"><span style=\"font-size: 12.0pt; line-height: 115%;\">Algumas doen\u00e7as que s\u00e3o classificadas como causadoras de perda de mem\u00f3ria podem ter seus sintomas revertidos se o diagn\u00f3stico for precoce. Entre elas, perdas causadas por tumores cerebrais, altera\u00e7\u00e3o nos n\u00edveis de a\u00e7\u00facar, s\u00f3dio e c\u00e1lcio no sangue, defici\u00eancia de vitamina B12, hipotireoidismo, neurolues ou neuross\u00edfilis e hidrocefalia de press\u00e3o intermitente podem ser tratados.<\/span><\/p>\n<p class=\"normal\">\n<p>&nbsp;<\/p>\n<p>&nbsp;<\/p>\n<p>Fonte:\u00a0<b class=\"gmail_sendername\">Brands &amp; Blogs<\/b><\/p>\n","protected":false},"excerpt":{"rendered":"<p>Doen\u00e7as da mem\u00f3ria podem acometer a qualquer pessoa em qualquer idade, mas \u00e9 durante o envelhecimento que os sintomas de esquecimento podem se agravar. Muitos dos epis\u00f3dios de falta de mem\u00f3ria est\u00e3o associados \u00e0s quest\u00f5es do dia a dia, como o grande fluxo de informa\u00e7\u00f5es e a dificuldade para reter todas elas no c\u00e9rebro, mas [&hellip;]<\/p>\n","protected":false},"author":96,"featured_media":110284,"comment_status":"closed","ping_status":"closed","sticky":false,"template":"","format":"standard","meta":{"footnotes":""},"categories":[302,436,439],"tags":[],"class_list":["post-110283","post","type-post","status-publish","format-standard","has-post-thumbnail","hentry","category-brasil-mundo","category-destaque-da-semana","category-ultima-hora"],"_links":{"self":[{"href":"https:\/\/diarioregionaldigital.com.br\/index.php?rest_route=\/wp\/v2\/posts\/110283","targetHints":{"allow":["GET"]}}],"collection":[{"href":"https:\/\/diarioregionaldigital.com.br\/index.php?rest_route=\/wp\/v2\/posts"}],"about":[{"href":"https:\/\/diarioregionaldigital.com.br\/index.php?rest_route=\/wp\/v2\/types\/post"}],"author":[{"embeddable":true,"href":"https:\/\/diarioregionaldigital.com.br\/index.php?rest_route=\/wp\/v2\/users\/96"}],"replies":[{"embeddable":true,"href":"https:\/\/diarioregionaldigital.com.br\/index.php?rest_route=%2Fwp%2Fv2%2Fcomments&post=110283"}],"version-history":[{"count":0,"href":"https:\/\/diarioregionaldigital.com.br\/index.php?rest_route=\/wp\/v2\/posts\/110283\/revisions"}],"wp:featuredmedia":[{"embeddable":true,"href":"https:\/\/diarioregionaldigital.com.br\/index.php?rest_route=\/wp\/v2\/media\/110284"}],"wp:attachment":[{"href":"https:\/\/diarioregionaldigital.com.br\/index.php?rest_route=%2Fwp%2Fv2%2Fmedia&parent=110283"}],"wp:term":[{"taxonomy":"category","embeddable":true,"href":"https:\/\/diarioregionaldigital.com.br\/index.php?rest_route=%2Fwp%2Fv2%2Fcategories&post=110283"},{"taxonomy":"post_tag","embeddable":true,"href":"https:\/\/diarioregionaldigital.com.br\/index.php?rest_route=%2Fwp%2Fv2%2Ftags&post=110283"}],"curies":[{"name":"wp","href":"https:\/\/api.w.org\/{rel}","templated":true}]}}