{"id":110269,"date":"2018-07-03T21:20:32","date_gmt":"2018-07-04T00:20:32","guid":{"rendered":"http:\/\/diarioregionaljf.com.br\/?p=110269"},"modified":"2018-07-03T21:29:11","modified_gmt":"2018-07-04T00:29:11","slug":"projeto-escambo-e-realizado-por-centro-universitario-de-juiz-de-fora","status":"publish","type":"post","link":"https:\/\/diarioregionaldigital.com.br\/?p=110269","title":{"rendered":"Projeto \u201cescambo\u201d \u00e9 realizado por centro universit\u00e1rio de Juiz de Fora"},"content":{"rendered":"<p>Com o objetivo de ajudar a todos, o Centro Universit\u00e1rio Internacional de Juiz de Fora (Uninter) est\u00e1 realizando, em Juiz de Fora, o projeto \u201cEscambo\u201d, que segue at\u00e9 o dia 13 de julho. A ideia principal \u00e9 fazer com que a popula\u00e7\u00e3o participe do projeto doando brinquedos, roupas e objetos que j\u00e1 n\u00e3o s\u00e3o mais \u00fateis e possam ser utilizados por outras pessoas que se interessem por algum item.<\/p>\n<p>De acordo com a respons\u00e1vel pelo projeto, Maria Dornellas, o projeto foi motivado pela energia da troca e o do desapego, e fazer com que as pessoas se interajam a partir dessa transi\u00e7\u00e3o. \u201cAs pessoas trazerem o que n\u00e3o est\u00e3o usando mais, e a outra pessoa vai l\u00e1 e pega para ela. A proposta \u00e9 de que haja uma intera\u00e7\u00e3o entre as pessoas e os objetos\u201d, informou.<\/p>\n<p>Os interessados devem deixar os pertences a serem desapegados at\u00e9 dia 13 de julho, das 11h \u00e0s 21h, no pr\u00f3prio Polo da faculdade, que fica na Rua Halfeld, n\u00b0 619 \u2013 Galeria Constan\u00e7a Valadares, no 1\u00b0 andar.<\/p>\n<p>Ap\u00f3s a data prevista para as doa\u00e7\u00f5es, todo o material recolhido ser\u00e1 doado \u00e0s institui\u00e7\u00f5es de caridade da cidade.<\/p>\n<p>&nbsp;<\/p>\n<p>&nbsp;<\/p>\n","protected":false},"excerpt":{"rendered":"<p>Com o objetivo de ajudar a todos, o Centro Universit\u00e1rio Internacional de Juiz de Fora (Uninter) est\u00e1 realizando, em Juiz de Fora, o projeto \u201cEscambo\u201d, que segue at\u00e9 o dia 13 de julho. A ideia principal \u00e9 fazer com que a popula\u00e7\u00e3o participe do projeto doando brinquedos, roupas e objetos que j\u00e1 n\u00e3o s\u00e3o mais [&hellip;]<\/p>\n","protected":false},"author":96,"featured_media":110274,"comment_status":"closed","ping_status":"closed","sticky":false,"template":"","format":"standard","meta":{"footnotes":""},"categories":[253,440,439],"tags":[],"class_list":["post-110269","post","type-post","status-publish","format-standard","has-post-thumbnail","hentry","category-cidade","category-destaques-do-dia","category-ultima-hora"],"_links":{"self":[{"href":"https:\/\/diarioregionaldigital.com.br\/index.php?rest_route=\/wp\/v2\/posts\/110269","targetHints":{"allow":["GET"]}}],"collection":[{"href":"https:\/\/diarioregionaldigital.com.br\/index.php?rest_route=\/wp\/v2\/posts"}],"about":[{"href":"https:\/\/diarioregionaldigital.com.br\/index.php?rest_route=\/wp\/v2\/types\/post"}],"author":[{"embeddable":true,"href":"https:\/\/diarioregionaldigital.com.br\/index.php?rest_route=\/wp\/v2\/users\/96"}],"replies":[{"embeddable":true,"href":"https:\/\/diarioregionaldigital.com.br\/index.php?rest_route=%2Fwp%2Fv2%2Fcomments&post=110269"}],"version-history":[{"count":0,"href":"https:\/\/diarioregionaldigital.com.br\/index.php?rest_route=\/wp\/v2\/posts\/110269\/revisions"}],"wp:featuredmedia":[{"embeddable":true,"href":"https:\/\/diarioregionaldigital.com.br\/index.php?rest_route=\/wp\/v2\/media\/110274"}],"wp:attachment":[{"href":"https:\/\/diarioregionaldigital.com.br\/index.php?rest_route=%2Fwp%2Fv2%2Fmedia&parent=110269"}],"wp:term":[{"taxonomy":"category","embeddable":true,"href":"https:\/\/diarioregionaldigital.com.br\/index.php?rest_route=%2Fwp%2Fv2%2Fcategories&post=110269"},{"taxonomy":"post_tag","embeddable":true,"href":"https:\/\/diarioregionaldigital.com.br\/index.php?rest_route=%2Fwp%2Fv2%2Ftags&post=110269"}],"curies":[{"name":"wp","href":"https:\/\/api.w.org\/{rel}","templated":true}]}}