{"id":110255,"date":"2018-07-03T22:10:13","date_gmt":"2018-07-04T01:10:13","guid":{"rendered":"http:\/\/diarioregionaljf.com.br\/?p=110255"},"modified":"2018-07-03T22:20:46","modified_gmt":"2018-07-04T01:20:46","slug":"sds-realiza-campanha-de-inverno-em-prol-de-pessoas-em-situacao-de-rua","status":"publish","type":"post","link":"https:\/\/diarioregionaldigital.com.br\/?p=110255","title":{"rendered":"SDS realiza campanha de inverno em prol de pessoas em situa\u00e7\u00e3o de rua"},"content":{"rendered":"<p>A Secretaria de Desenvolvimento Social (SDS) da Prefeitura de Juiz de Fora (PJF) est\u00e1 realizando uma campanha incentivando os juiz-foranos a entrar em contato com a pasta caso encontrem pessoas dormindo nas ruas neste inverno. \u201cNosso objetivo n\u00e3o \u00e9 apenas ir e tirar esta pessoa das ruas, mas oferecer os servi\u00e7os de assist\u00eancia social para que ela possa ter condi\u00e7\u00f5es de mudar sua situa\u00e7\u00e3o de vida\u201d, explicou a assessoria de comunica\u00e7\u00e3o da Secretaria.<\/p>\n<p>Conforme a pasta, neste per\u00edodo do ano, devido ao frio, as pessoas ficam mais comovidas e tentam ajudar a pessoa em situa\u00e7\u00e3o de rua com cobertores e comida, por\u00e9m isso de fato acaba fixando esta pessoa na rua e n\u00e3o ajuda a mudar de vida. \u201cNossa campanha n\u00e3o \u00e9 contra a ajuda das pessoas e sim, um processo de unir for\u00e7as. A nossa proposta \u00e9 ampliar a conversa com os setores que prestam algum tipo de aux\u00edlio a estas pessoas para que a gente tamb\u00e9m possa apresentar e oferecer os nossos servi\u00e7os\u201d, ressaltou.<\/p>\n<p>O Centro de Refer\u00eancia Especializado Para Popula\u00e7\u00e3o em Situa\u00e7\u00e3o de Rua (Centro Pop), servi\u00e7o da Secretaria de Desenvolvimento Social, realiza diversas a\u00e7\u00f5es visando promover a reinser\u00e7\u00e3o dos usu\u00e1rios do servi\u00e7o no mercado de trabalho, dentro de diversos setores. Os servi\u00e7os oferecidos pela pasta acontecem durante todo o ano. \u201cA porta de entrada \u00e9 o servi\u00e7o de abordagem social. O abordador se aproxima e oferece o cadastro no Centro Pop, que possui uma equipe t\u00e9cnica voltada especificamente para pessoas em situa\u00e7\u00e3o de rua. Ela vai identificar a necessidade destas pessoas e encaminhar para os demais servi\u00e7os da rede\u201d, esclareceu a pasta.<\/p>\n<p>A Secretaria realiza diariamente abordagem social com a inten\u00e7\u00e3o de orientar os moradores em situa\u00e7\u00e3o de rua sobre os servi\u00e7os sociais da Prefeitura. \u201cEles s\u00e3o constantemente convidados a se instalarem em um dos equipamentos p\u00fablicos dispon\u00edveis na garantia de cidadania. No entanto, eles s\u00f3 ser\u00e3o encaminhados caso aceitem. O Centro Pop oferece refei\u00e7\u00f5es, acompanhamento psicossocial e oficinas art\u00edsticas, entre outras atividades voltadas para a reinser\u00e7\u00e3o do morador em situa\u00e7\u00e3o de rua na sociedade, buscando sempre referenciar os atendidos \u00e0s suas respectivas fam\u00edlias\u201d, reiterou.<\/p>\n<div id=\"attachment_110267\" style=\"width: 2010px\" class=\"wp-caption alignnone\"><img loading=\"lazy\" decoding=\"async\" aria-describedby=\"caption-attachment-110267\" class=\"size-full wp-image-110267\" src=\"http:\/\/diarioregionaljf.com.br\/wp-content\/uploads\/2018\/07\/sds.jpg\" alt=\"\" width=\"2000\" height=\"1333\" srcset=\"https:\/\/diarioregionaldigital.com.br\/wp-content\/uploads\/2018\/07\/sds.jpg 2000w, https:\/\/diarioregionaldigital.com.br\/wp-content\/uploads\/2018\/07\/sds-300x200.jpg 300w, https:\/\/diarioregionaldigital.com.br\/wp-content\/uploads\/2018\/07\/sds-768x512.jpg 768w, https:\/\/diarioregionaldigital.com.br\/wp-content\/uploads\/2018\/07\/sds-1024x682.jpg 1024w, https:\/\/diarioregionaldigital.com.br\/wp-content\/uploads\/2018\/07\/sds-360x240.jpg 360w\" sizes=\"auto, (max-width: 2000px) 100vw, 2000px\" \/><p id=\"caption-attachment-110267\" class=\"wp-caption-text\">Secretaria afirmou que realiza diariamente abordagem social com a inten\u00e7\u00e3o de orientar os moradores em situa\u00e7\u00e3o de rua sobre os servi\u00e7os sociais da Prefeitura. Foto: Rafaela Frutuoso<\/p><\/div>\n<p>Existem duas maneiras para que a pessoa possa ser atendida pelo Centro Pop. A primeira, o pr\u00f3prio cidad\u00e3o pode se dirigir \u00e0 sede, na Rua Professor Oswaldo Veloso, n\u00b0190, Centro, ou atrav\u00e9s das orienta\u00e7\u00f5es da \u201cAbordagem Social\u201d. Quando ele chega, \u00e9 feito cadastro, onde fica registrado seu hist\u00f3rico, que possibilita encaminhamento, de acordo com suas necessidades.<\/p>\n<p>Caso a pessoa em situa\u00e7\u00e3o de rua, por exemplo, precise de alojamento, a SDS possui o N\u00facleo Cidad\u00e3o de Rua que oferece 200 vagas em tr\u00eas modalidades de alojamento: a Casa de Passagem para homens e outra para mulheres e a Casa da Cidadania. \u201cA Casa de Passagem possui capacidade de cem homens. L\u00e1, eles podem tomar banho, comer e dormir, e no outro dia saem para ir trabalhar ou estudar, por exemplo. J\u00e1 para mulheres s\u00e3o 50 vagas, al\u00e9m disso, tem quarto destinado a mulheres que est\u00e3o em situa\u00e7\u00e3o de rua acompanhada de filhos menores de 18 anos\u201d, informou a pasta. \u201cJ\u00e1 a Casa da Cidadania \u00e9 destinada ao acolhimento institucional para adultos e possui 35 vagas para homens e 15 para mulheres. \u00c9 voltada para aquelas pessoas que possuem maior depend\u00eancia, que necessitam de maiores cuidados. Ela fica no espa\u00e7o 24h por dia e sai apenas quando for atendido por outro servi\u00e7o, retornar a fam\u00edlia ou quando muda de situa\u00e7\u00e3o, por exemplo, consegue alugar um espa\u00e7o para morar\u201d, acrescentou.<\/p>\n<p>A m\u00e9dia de pessoas que utilizam as casas de passagem gira em torno de 450 usu\u00e1rios por m\u00eas devido \u00e0 rotatividade di\u00e1ria. E atualmente, 42 pessoas s\u00e3o atendidas pela Casa da Cidadania. \u201cA proposta \u00e9 melhorar a condi\u00e7\u00e3o de vida. Para isso, oferecemos um espa\u00e7o onde ela possa guardar os seus pertences, dormir com tranquilidade, se alimentar bem, mas ter condi\u00e7\u00f5es para mudar a sua realidade. Quando a pessoa em situa\u00e7\u00e3o de rua d\u00e1 entrada no Centro Pop, a gente consegue dar suporte para o que ela precisa\u201d, finalizou.<\/p>\n<p>Qualquer pessoa pode solicitar a \u201cAbordagem\u201d. Caso encontre algu\u00e9m nessa situa\u00e7\u00e3o, o telefone para contato \u00e9 3690-7770. O servi\u00e7o funciona de segunda a sexta-feira, das 7h \u00e0s 23h, e aos s\u00e1bados, domingos e feriados, das 7h \u00e0s 18h. Caso precise de mais orienta\u00e7\u00f5es sobre os servi\u00e7os oferecidos, ligue 3690-7991.<\/p>\n<p>&nbsp;<\/p>\n<p>&nbsp;<\/p>\n","protected":false},"excerpt":{"rendered":"<p>A Secretaria de Desenvolvimento Social (SDS) da Prefeitura de Juiz de Fora (PJF) est\u00e1 realizando uma campanha incentivando os juiz-foranos a entrar em contato com a pasta caso encontrem pessoas dormindo nas ruas neste inverno. \u201cNosso objetivo n\u00e3o \u00e9 apenas ir e tirar esta pessoa das ruas, mas oferecer os servi\u00e7os de assist\u00eancia social para [&hellip;]<\/p>\n","protected":false},"author":96,"featured_media":110266,"comment_status":"closed","ping_status":"closed","sticky":false,"template":"","format":"standard","meta":{"footnotes":""},"categories":[253,440,439],"tags":[],"class_list":["post-110255","post","type-post","status-publish","format-standard","has-post-thumbnail","hentry","category-cidade","category-destaques-do-dia","category-ultima-hora"],"_links":{"self":[{"href":"https:\/\/diarioregionaldigital.com.br\/index.php?rest_route=\/wp\/v2\/posts\/110255","targetHints":{"allow":["GET"]}}],"collection":[{"href":"https:\/\/diarioregionaldigital.com.br\/index.php?rest_route=\/wp\/v2\/posts"}],"about":[{"href":"https:\/\/diarioregionaldigital.com.br\/index.php?rest_route=\/wp\/v2\/types\/post"}],"author":[{"embeddable":true,"href":"https:\/\/diarioregionaldigital.com.br\/index.php?rest_route=\/wp\/v2\/users\/96"}],"replies":[{"embeddable":true,"href":"https:\/\/diarioregionaldigital.com.br\/index.php?rest_route=%2Fwp%2Fv2%2Fcomments&post=110255"}],"version-history":[{"count":0,"href":"https:\/\/diarioregionaldigital.com.br\/index.php?rest_route=\/wp\/v2\/posts\/110255\/revisions"}],"wp:featuredmedia":[{"embeddable":true,"href":"https:\/\/diarioregionaldigital.com.br\/index.php?rest_route=\/wp\/v2\/media\/110266"}],"wp:attachment":[{"href":"https:\/\/diarioregionaldigital.com.br\/index.php?rest_route=%2Fwp%2Fv2%2Fmedia&parent=110255"}],"wp:term":[{"taxonomy":"category","embeddable":true,"href":"https:\/\/diarioregionaldigital.com.br\/index.php?rest_route=%2Fwp%2Fv2%2Fcategories&post=110255"},{"taxonomy":"post_tag","embeddable":true,"href":"https:\/\/diarioregionaldigital.com.br\/index.php?rest_route=%2Fwp%2Fv2%2Ftags&post=110255"}],"curies":[{"name":"wp","href":"https:\/\/api.w.org\/{rel}","templated":true}]}}