{"id":110244,"date":"2018-07-03T21:20:12","date_gmt":"2018-07-04T00:20:12","guid":{"rendered":"http:\/\/diarioregionaljf.com.br\/?p=110244"},"modified":"2018-07-03T21:27:44","modified_gmt":"2018-07-04T00:27:44","slug":"encontro-de-vinhos","status":"publish","type":"post","link":"https:\/\/diarioregionaldigital.com.br\/?p=110244","title":{"rendered":"Encontro de Vinhos"},"content":{"rendered":"<p style=\"text-align: center;\"><strong>CES\/JF<\/strong><\/p>\n<p style=\"text-align: center;\">Os alunos do 4\u00ba per\u00edodo do curso de Tecnologia em Gastronomia do CES\/JF receberam o empres\u00e1rio e propriet\u00e1rio do famoso Bar do Ab\u00edlio. Com sua sutileza e alto astral, Ab\u00edlio preparou algumas de suas receitas, entre elas, a vencedora do evento \u201cComida di Buteco\u201d em 2011, regado a f\u00edgado com jil\u00f3, onde p\u00f4de ensinar suas t\u00e9cnicas de prepara\u00e7\u00e3o aos alunos. Foi um momento de muito aprendizado para os graduandos na aula de Cozinha Regional Brasileira, ministrada pelo professor Jo\u00e3o Batista Villas Boas Simoncini.<\/p>\n<p style=\"text-align: center;\"><strong>Patina\u00e7\u00e3o<\/strong><\/p>\n<p style=\"text-align: center;\">A programa\u00e7\u00e3o dos 10 anos do Independ\u00eancia Shopping n\u00e3o para de surpreender e continua a oferecer eventos exclusivos, que s\u00e3o verdadeiros presentes para Juiz de Fora. E desta vez, o shopping traz uma divers\u00e3o abaixo de zero para todas as idades \u2013 a Patina\u00e7\u00e3o no Gelo. A arena gelada fica montada na Pra\u00e7a de Eventos, no L1 e o funcionamento acontece durante o hor\u00e1rio de funcionamento do shopping, at\u00e9 26 de agosto.<\/p>\n<p style=\"text-align: center;\"><strong>Comemorando<\/strong><\/p>\n<p style=\"text-align: center;\">Esbanjando vitalidade, o conceituado m\u00e9dico Jo\u00e3o Tib\u00farcio Salgado, ao lado da elegante Waleska, recebeu amigos e familiares para comemorar seus 80 anos com fino almo\u00e7o no Bom Pastor.<\/p>\n<p style=\"text-align: center;\"><strong>Arte Total<\/strong><\/p>\n<p style=\"text-align: center;\">Cen\u00e1rio de arte e cultura em Juiz de Fora, o Museu Mariano Proc\u00f3pio est\u00e1 expondo na Galeria Maria Am\u00e1lia as pinturas da \u201cCole\u00e7\u00e3o Maria Pardos\u201d. Recentemente as telas foram restauradas pelo Ateli\u00ea Raul Carvalho em S\u00e3o Paulo.<\/p>\n<p style=\"text-align: center;\"><span style=\"font-size: 14pt;\"><strong>Encontro de Vinhos<\/strong><\/span><\/p>\n<p style=\"text-align: center;\">Em um ambiente r\u00fastico e sofisticado foi realizado pelo Oliva Bistr\u00f4 na Pousada Pasto do Lambari o 1\u00ba Encontro Enogastron\u00f4mico de Ibitipoca. A \u2018chef\u2019 Ana Paula Esteves e Adriana Sant\u2019Ana comemoram o sucesso que foi revestido com a exposi\u00e7\u00e3o do artista pl\u00e1stico D\u2019Anestis; palestras sobre vinhos e queijos artesanais; o violino de Andr\u00e9 Ravi recepcionando os convidados e a boa m\u00fasica de Manu Pereira e o jazz de Hermanes Abreu e o super Dudu Lima Trio. Degusta\u00e7\u00f5es de vinhos Miolo e Wine Brands e os risotos e massas preparados pelos \u2018chefes\u2019 Ana Paula Esteves e Beto Zaiden fizeram contraponto para a beleza de Ibitipoca. As fotos de Romeu Delmonte s\u00e3o destaques hoje nesta p\u00e1gina social.<\/p>\n<div id=\"attachment_110239\" style=\"width: 690px\" class=\"wp-caption aligncenter\"><img loading=\"lazy\" decoding=\"async\" aria-describedby=\"caption-attachment-110239\" class=\"wp-image-110239\" src=\"http:\/\/diarioregionaljf.com.br\/wp-content\/uploads\/2018\/07\/fotoa-2.jpg\" alt=\"\" width=\"680\" height=\"450\" srcset=\"https:\/\/diarioregionaldigital.com.br\/wp-content\/uploads\/2018\/07\/fotoa-2.jpg 1000w, https:\/\/diarioregionaldigital.com.br\/wp-content\/uploads\/2018\/07\/fotoa-2-300x199.jpg 300w, https:\/\/diarioregionaldigital.com.br\/wp-content\/uploads\/2018\/07\/fotoa-2-768x508.jpg 768w, https:\/\/diarioregionaldigital.com.br\/wp-content\/uploads\/2018\/07\/fotoa-2-360x238.jpg 360w\" sizes=\"auto, (max-width: 680px) 100vw, 680px\" \/><p id=\"caption-attachment-110239\" class=\"wp-caption-text\">Rog\u00e9rio de Paula Vieira, Arnaldo e Teka Valentim, Ricardo Ottoni, Daniel de Siqueira Ferreira (Miolo), S\u00e1vio Camargos, Aline Porto, J\u00fanior Longo, a \u2018chef\u2019 Ana Paula Esteves, Adriana e Alexandre Gustavo, Paulo Bittar, Adriana Sant\u2019Anna, Fl\u00e1vio Gomes e Ana Carolina Trindade<\/p><\/div>\n<div id=\"attachment_110240\" style=\"width: 690px\" class=\"wp-caption aligncenter\"><img loading=\"lazy\" decoding=\"async\" aria-describedby=\"caption-attachment-110240\" class=\"wp-image-110240\" src=\"http:\/\/diarioregionaljf.com.br\/wp-content\/uploads\/2018\/07\/fotod-2.jpg\" alt=\"\" width=\"680\" height=\"450\" srcset=\"https:\/\/diarioregionaldigital.com.br\/wp-content\/uploads\/2018\/07\/fotod-2.jpg 1000w, https:\/\/diarioregionaldigital.com.br\/wp-content\/uploads\/2018\/07\/fotod-2-300x199.jpg 300w, https:\/\/diarioregionaldigital.com.br\/wp-content\/uploads\/2018\/07\/fotod-2-768x508.jpg 768w, https:\/\/diarioregionaldigital.com.br\/wp-content\/uploads\/2018\/07\/fotod-2-360x238.jpg 360w\" sizes=\"auto, (max-width: 680px) 100vw, 680px\" \/><p id=\"caption-attachment-110240\" class=\"wp-caption-text\">Aline Porto<\/p><\/div>\n<div id=\"attachment_110233\" style=\"width: 690px\" class=\"wp-caption aligncenter\"><img loading=\"lazy\" decoding=\"async\" aria-describedby=\"caption-attachment-110233\" class=\"wp-image-110233\" src=\"http:\/\/diarioregionaljf.com.br\/wp-content\/uploads\/2018\/07\/fotoc-1.jpg\" alt=\"\" width=\"680\" height=\"450\" srcset=\"https:\/\/diarioregionaldigital.com.br\/wp-content\/uploads\/2018\/07\/fotoc-1.jpg 1000w, https:\/\/diarioregionaldigital.com.br\/wp-content\/uploads\/2018\/07\/fotoc-1-300x199.jpg 300w, https:\/\/diarioregionaldigital.com.br\/wp-content\/uploads\/2018\/07\/fotoc-1-768x508.jpg 768w, https:\/\/diarioregionaldigital.com.br\/wp-content\/uploads\/2018\/07\/fotoc-1-360x238.jpg 360w\" sizes=\"auto, (max-width: 680px) 100vw, 680px\" \/><p id=\"caption-attachment-110233\" class=\"wp-caption-text\">Hermanes Abreu com Dudu Lima Trio<\/p><\/div>\n<div id=\"attachment_110232\" style=\"width: 690px\" class=\"wp-caption aligncenter\"><img loading=\"lazy\" decoding=\"async\" aria-describedby=\"caption-attachment-110232\" class=\"wp-image-110232\" src=\"http:\/\/diarioregionaljf.com.br\/wp-content\/uploads\/2018\/07\/fotob-1.jpg\" alt=\"\" width=\"680\" height=\"450\" srcset=\"https:\/\/diarioregionaldigital.com.br\/wp-content\/uploads\/2018\/07\/fotob-1.jpg 1000w, https:\/\/diarioregionaldigital.com.br\/wp-content\/uploads\/2018\/07\/fotob-1-300x199.jpg 300w, https:\/\/diarioregionaldigital.com.br\/wp-content\/uploads\/2018\/07\/fotob-1-768x508.jpg 768w, https:\/\/diarioregionaldigital.com.br\/wp-content\/uploads\/2018\/07\/fotob-1-360x238.jpg 360w\" sizes=\"auto, (max-width: 680px) 100vw, 680px\" \/><p id=\"caption-attachment-110232\" class=\"wp-caption-text\">Manu Pereira e Andr\u00e9 Ravi<\/p><\/div>\n<div id=\"attachment_110235\" style=\"width: 690px\" class=\"wp-caption aligncenter\"><img loading=\"lazy\" decoding=\"async\" aria-describedby=\"caption-attachment-110235\" class=\"wp-image-110235\" src=\"http:\/\/diarioregionaljf.com.br\/wp-content\/uploads\/2018\/07\/fotoe.jpg\" alt=\"\" width=\"680\" height=\"450\" srcset=\"https:\/\/diarioregionaldigital.com.br\/wp-content\/uploads\/2018\/07\/fotoe.jpg 1000w, https:\/\/diarioregionaldigital.com.br\/wp-content\/uploads\/2018\/07\/fotoe-300x199.jpg 300w, https:\/\/diarioregionaldigital.com.br\/wp-content\/uploads\/2018\/07\/fotoe-768x508.jpg 768w, https:\/\/diarioregionaldigital.com.br\/wp-content\/uploads\/2018\/07\/fotoe-360x238.jpg 360w\" sizes=\"auto, (max-width: 680px) 100vw, 680px\" \/><p id=\"caption-attachment-110235\" class=\"wp-caption-text\">Andr\u00e9 Luiz Dalpra e Gilmara Jandira Dias Fonseca<\/p><\/div>\n<div id=\"attachment_110230\" style=\"width: 690px\" class=\"wp-caption aligncenter\"><img loading=\"lazy\" decoding=\"async\" aria-describedby=\"caption-attachment-110230\" class=\"wp-image-110230\" src=\"http:\/\/diarioregionaljf.com.br\/wp-content\/uploads\/2018\/07\/fotoj.jpg\" alt=\"\" width=\"680\" height=\"450\" srcset=\"https:\/\/diarioregionaldigital.com.br\/wp-content\/uploads\/2018\/07\/fotoj.jpg 1000w, https:\/\/diarioregionaldigital.com.br\/wp-content\/uploads\/2018\/07\/fotoj-300x199.jpg 300w, https:\/\/diarioregionaldigital.com.br\/wp-content\/uploads\/2018\/07\/fotoj-768x508.jpg 768w, https:\/\/diarioregionaldigital.com.br\/wp-content\/uploads\/2018\/07\/fotoj-360x238.jpg 360w\" sizes=\"auto, (max-width: 680px) 100vw, 680px\" \/><p id=\"caption-attachment-110230\" class=\"wp-caption-text\">O \u2018chef\u2019 Nilson Ivan e Edgard Ribeiro<\/p><\/div>\n<div id=\"attachment_110237\" style=\"width: 690px\" class=\"wp-caption aligncenter\"><img loading=\"lazy\" decoding=\"async\" aria-describedby=\"caption-attachment-110237\" class=\"wp-image-110237\" src=\"http:\/\/diarioregionaljf.com.br\/wp-content\/uploads\/2018\/07\/fotoh-1-e1530649322305.jpg\" alt=\"\" width=\"680\" height=\"546\" srcset=\"https:\/\/diarioregionaldigital.com.br\/wp-content\/uploads\/2018\/07\/fotoh-1-e1530649322305.jpg 660w, https:\/\/diarioregionaldigital.com.br\/wp-content\/uploads\/2018\/07\/fotoh-1-e1530649322305-300x241.jpg 300w, https:\/\/diarioregionaldigital.com.br\/wp-content\/uploads\/2018\/07\/fotoh-1-e1530649322305-360x289.jpg 360w\" sizes=\"auto, (max-width: 680px) 100vw, 680px\" \/><p id=\"caption-attachment-110237\" class=\"wp-caption-text\">Rog\u00e9rio de Paula Vieira e Lizandra (e seus cogumelos org\u00e2nicos de S\u00e3o Jos\u00e9 dos Lopes)<\/p><\/div>\n<div id=\"attachment_110238\" style=\"width: 690px\" class=\"wp-caption aligncenter\"><img loading=\"lazy\" decoding=\"async\" aria-describedby=\"caption-attachment-110238\" class=\"wp-image-110238\" src=\"http:\/\/diarioregionaljf.com.br\/wp-content\/uploads\/2018\/07\/fotoi-e1530649668195.jpg\" alt=\"\" width=\"680\" height=\"544\" srcset=\"https:\/\/diarioregionaldigital.com.br\/wp-content\/uploads\/2018\/07\/fotoi-e1530649668195.jpg 662w, https:\/\/diarioregionaldigital.com.br\/wp-content\/uploads\/2018\/07\/fotoi-e1530649668195-300x240.jpg 300w, https:\/\/diarioregionaldigital.com.br\/wp-content\/uploads\/2018\/07\/fotoi-e1530649668195-360x288.jpg 360w\" sizes=\"auto, (max-width: 680px) 100vw, 680px\" \/><p id=\"caption-attachment-110238\" class=\"wp-caption-text\">Terezinha Valentim, do s\u00edtio Urucum<\/p><\/div>\n<div id=\"attachment_110236\" style=\"width: 690px\" class=\"wp-caption aligncenter\"><img loading=\"lazy\" decoding=\"async\" aria-describedby=\"caption-attachment-110236\" class=\"wp-image-110236\" src=\"http:\/\/diarioregionaljf.com.br\/wp-content\/uploads\/2018\/07\/fotof.jpg\" alt=\"\" width=\"680\" height=\"450\" srcset=\"https:\/\/diarioregionaldigital.com.br\/wp-content\/uploads\/2018\/07\/fotof.jpg 1000w, https:\/\/diarioregionaldigital.com.br\/wp-content\/uploads\/2018\/07\/fotof-300x199.jpg 300w, https:\/\/diarioregionaldigital.com.br\/wp-content\/uploads\/2018\/07\/fotof-768x508.jpg 768w, https:\/\/diarioregionaldigital.com.br\/wp-content\/uploads\/2018\/07\/fotof-360x238.jpg 360w\" sizes=\"auto, (max-width: 680px) 100vw, 680px\" \/><p id=\"caption-attachment-110236\" class=\"wp-caption-text\">A \u2018chef\u2019 Ana Paula Esteves e Adriana Sant\u2019Anna com o artista pl\u00e1stico D\u2019Anestis formando grupo com Adriana Novelino, Maria Alice Medina, Roberto Belluco e Ricardo Donato<\/p><\/div>\n<p style=\"text-align: center;\"><strong>FOTOSS\u00cdNTESE<\/strong><\/p>\n<p>Dona cegonha aprontou de novo. Colocou na chamin\u00e9 de Jane e Vitinho Roux o robusto beb\u00ea Th\u00e9o Nogueira Roux.<\/p>\n<p>O Aeroporto Regional luta por alf\u00e2ndega em terminal de cargas. Proposta est\u00e1 sob an\u00e1lise h\u00e1 mais de um ano, na Delegacia da Superintend\u00eancia Regional da Receita Federal em seu \u00f3rg\u00e3o de Juiz de Fora.<\/p>\n<p>Nesta 4\u00aa-feira, 11, a elegante Margarita Rigoli toma posse como presidente do Rotary Distrito Industrial, \u00e0s 19h30, na sede da Rua Roberto de Barros, n\u00ba 35. Para o contraponto, o coquetel ser\u00e1 de Francele Galil, (leia-se Est\u00e2ncia Dom Vi\u00e7oso).<\/p>\n<p>O artista pl\u00e1stico Henrique Lott est\u00e1 publicando seu novo livro que acaba de sair pela Fonte Editorial de S\u00e3o Paulo. Nas linhas, reflex\u00f5es relacionadas com a filosofia, arte e religi\u00e3o, sob o olhar da hermen\u00eautica filos\u00f3fica de Hans Georg Gadamer.<\/p>\n<p>Foi no Park Idiomas o evento promovido pela ABAN com o beneficente Latino Am\u00e9rica, em prol dos imigrantes venezuelanos assistidos pela entidade e locados na Casa Benjamin.<\/p>\n<p>A bonita pedagoga Bia Loureiro est\u00e1 participando do GEPEN, Grupo de Pesquisa em Neuroci\u00eancia na UFJF, com coordena\u00e7\u00e3o da professora e doutora Cl\u00e1udia Helena Cerqueira M\u00e1rmora.<\/p>\n<p>Jacqueline Moreira est\u00e1 em estado alfa em dois tempos: comemora o sucesso do Bar e Restaurante Caneca Zero Grau em S\u00e3o Pedro e a participa\u00e7\u00e3o no 34\u00aa Fiscal Food-Service, na feira de alimenta\u00e7\u00e3o, Fora do Lar, que aconteceu no Expo Center, em S\u00e3o Paulo.<\/p>\n<p>A bel\u00edssima ex-modelo e terapeuta Luciana Moraes Cardoso, especialista em diagn\u00f3sticos avan\u00e7ados de sistemas, fez palestra no evento Programa e Suporte Emocional e Financeiro, no Quartier Latin, no Granbery. Tudo dentro do tema \u201cPrevenindo Imprevistos e Viabilizando Metas\u201d.<\/p>\n<p>O professor Ricardo Spinelli recebeu homenagem do Instituto Vianna J\u00fanior. Ele \u00e9 idealizador do projeto Direito Itinerante, que contribui para formar cidad\u00e3os mais conscientes com a profiss\u00e3o que escolheu. Merecido.<\/p>\n<p>Para ficar ligado: Voc\u00ea percebe que n\u00e3o \u00e9 mais sexy, quando faz cara de sexy e as pessoas vem te acudir, achando que \u00e9 AVC. Bom dia.<\/p>\n","protected":false},"excerpt":{"rendered":"<p>CES\/JF Os alunos do 4\u00ba per\u00edodo do curso de Tecnologia em Gastronomia do CES\/JF receberam o empres\u00e1rio e propriet\u00e1rio do famoso Bar do Ab\u00edlio. Com sua sutileza e alto astral, Ab\u00edlio preparou algumas de suas receitas, entre elas, a vencedora do evento \u201cComida di Buteco\u201d em 2011, regado a f\u00edgado com jil\u00f3, onde p\u00f4de ensinar [&hellip;]<\/p>\n","protected":false},"author":96,"featured_media":110239,"comment_status":"closed","ping_status":"closed","sticky":false,"template":"","format":"standard","meta":{"footnotes":""},"categories":[264],"tags":[],"class_list":["post-110244","post","type-post","status-publish","format-standard","has-post-thumbnail","hentry","category-eduardo-gomes"],"_links":{"self":[{"href":"https:\/\/diarioregionaldigital.com.br\/index.php?rest_route=\/wp\/v2\/posts\/110244","targetHints":{"allow":["GET"]}}],"collection":[{"href":"https:\/\/diarioregionaldigital.com.br\/index.php?rest_route=\/wp\/v2\/posts"}],"about":[{"href":"https:\/\/diarioregionaldigital.com.br\/index.php?rest_route=\/wp\/v2\/types\/post"}],"author":[{"embeddable":true,"href":"https:\/\/diarioregionaldigital.com.br\/index.php?rest_route=\/wp\/v2\/users\/96"}],"replies":[{"embeddable":true,"href":"https:\/\/diarioregionaldigital.com.br\/index.php?rest_route=%2Fwp%2Fv2%2Fcomments&post=110244"}],"version-history":[{"count":0,"href":"https:\/\/diarioregionaldigital.com.br\/index.php?rest_route=\/wp\/v2\/posts\/110244\/revisions"}],"wp:featuredmedia":[{"embeddable":true,"href":"https:\/\/diarioregionaldigital.com.br\/index.php?rest_route=\/wp\/v2\/media\/110239"}],"wp:attachment":[{"href":"https:\/\/diarioregionaldigital.com.br\/index.php?rest_route=%2Fwp%2Fv2%2Fmedia&parent=110244"}],"wp:term":[{"taxonomy":"category","embeddable":true,"href":"https:\/\/diarioregionaldigital.com.br\/index.php?rest_route=%2Fwp%2Fv2%2Fcategories&post=110244"},{"taxonomy":"post_tag","embeddable":true,"href":"https:\/\/diarioregionaldigital.com.br\/index.php?rest_route=%2Fwp%2Fv2%2Ftags&post=110244"}],"curies":[{"name":"wp","href":"https:\/\/api.w.org\/{rel}","templated":true}]}}