{"id":110241,"date":"2018-07-03T17:13:43","date_gmt":"2018-07-03T20:13:43","guid":{"rendered":"http:\/\/diarioregionaljf.com.br\/?p=110241"},"modified":"2018-07-03T17:13:43","modified_gmt":"2018-07-03T20:13:43","slug":"aeroportos-devem-receber-828-milhoes-de-passageiros-em-julho","status":"publish","type":"post","link":"https:\/\/diarioregionaldigital.com.br\/?p=110241","title":{"rendered":"Aeroportos devem receber 8,28 milh\u00f5es de passageiros em julho"},"content":{"rendered":"<p>Aeroportos administrados pela Empresa Brasileira de Infraestrutura Aeroportu\u00e1ria (Infraero) devem receber 8,28 milh\u00f5es de passageiros, entre embarques e desembarques, durante a temporada de f\u00e9rias de julho \u2013 per\u00edodo de 26 de junho a 31 de julho.<\/p>\n<p>De acordo com a entidade, o n\u00famero \u00e9 1,9% superior ao movimento registrado no mesmo per\u00edodo do ano passado, quando passaram pelos terminais da empresa 8,13 milh\u00f5es de viajantes.<\/p>\n<p>Segundo a Infraero, a quantidade de aeronaves nos aeroportos da rede deve crescer 4,73% no per\u00edodo, com 126.758 neste ano contra 121.035 em julho de 2017.<\/p>\n<p>A estimativa leva em conta a oferta de assentos das empresas a\u00e9reas e orientou um plano de a\u00e7\u00e3o que visa a garantir fluidez, conforto e seguran\u00e7a.<\/p>\n<p>As medidas come\u00e7aram em junho, quando as atividades de manuten\u00e7\u00e3o preventiva priorizaram equipamentos como esteiras de embarque e desembarque de bagagens, sinaliza\u00e7\u00e3o de pista, pontes de embarque, escadas rolantes, raios-x e detectores de metal.<\/p>\n<p>\u201cO monitoramento dos aeroportos tamb\u00e9m ser\u00e1 refor\u00e7ado com supervisores em todas as etapas de embarque e desembarque. Eles ter\u00e3o capacidade de atuar na corre\u00e7\u00e3o de quaisquer situa\u00e7\u00f5es que possam prejudicar as opera\u00e7\u00f5es\u201d, informou a Infraero.<\/p>\n<p>De acordo com a empresa, equipes de limpeza e manuten\u00e7\u00e3o tamb\u00e9m v\u00e3o atuar com frequ\u00eancia maior, com destaque para os hor\u00e1rios de maior movimento.<\/p>\n<p>&nbsp;<\/p>\n<p>Fonte: Ag\u00eancia Brasil<\/p>\n","protected":false},"excerpt":{"rendered":"<p>Aeroportos administrados pela Empresa Brasileira de Infraestrutura Aeroportu\u00e1ria (Infraero) devem receber 8,28 milh\u00f5es de passageiros, entre embarques e desembarques, durante a temporada de f\u00e9rias de julho \u2013 per\u00edodo de 26 de junho a 31 de julho. De acordo com a entidade, o n\u00famero \u00e9 1,9% superior ao movimento registrado no mesmo per\u00edodo do ano passado, [&hellip;]<\/p>\n","protected":false},"author":96,"featured_media":110242,"comment_status":"closed","ping_status":"closed","sticky":false,"template":"","format":"standard","meta":{"footnotes":""},"categories":[302,439],"tags":[],"class_list":["post-110241","post","type-post","status-publish","format-standard","has-post-thumbnail","hentry","category-brasil-mundo","category-ultima-hora"],"_links":{"self":[{"href":"https:\/\/diarioregionaldigital.com.br\/index.php?rest_route=\/wp\/v2\/posts\/110241","targetHints":{"allow":["GET"]}}],"collection":[{"href":"https:\/\/diarioregionaldigital.com.br\/index.php?rest_route=\/wp\/v2\/posts"}],"about":[{"href":"https:\/\/diarioregionaldigital.com.br\/index.php?rest_route=\/wp\/v2\/types\/post"}],"author":[{"embeddable":true,"href":"https:\/\/diarioregionaldigital.com.br\/index.php?rest_route=\/wp\/v2\/users\/96"}],"replies":[{"embeddable":true,"href":"https:\/\/diarioregionaldigital.com.br\/index.php?rest_route=%2Fwp%2Fv2%2Fcomments&post=110241"}],"version-history":[{"count":0,"href":"https:\/\/diarioregionaldigital.com.br\/index.php?rest_route=\/wp\/v2\/posts\/110241\/revisions"}],"wp:featuredmedia":[{"embeddable":true,"href":"https:\/\/diarioregionaldigital.com.br\/index.php?rest_route=\/wp\/v2\/media\/110242"}],"wp:attachment":[{"href":"https:\/\/diarioregionaldigital.com.br\/index.php?rest_route=%2Fwp%2Fv2%2Fmedia&parent=110241"}],"wp:term":[{"taxonomy":"category","embeddable":true,"href":"https:\/\/diarioregionaldigital.com.br\/index.php?rest_route=%2Fwp%2Fv2%2Fcategories&post=110241"},{"taxonomy":"post_tag","embeddable":true,"href":"https:\/\/diarioregionaldigital.com.br\/index.php?rest_route=%2Fwp%2Fv2%2Ftags&post=110241"}],"curies":[{"name":"wp","href":"https:\/\/api.w.org\/{rel}","templated":true}]}}