{"id":110202,"date":"2018-07-03T21:20:49","date_gmt":"2018-07-04T00:20:49","guid":{"rendered":"http:\/\/diarioregionaljf.com.br\/?p=110202"},"modified":"2018-07-04T09:28:04","modified_gmt":"2018-07-04T12:28:04","slug":"clima-devera-continuar-estavel-pelos-proximos-dias","status":"publish","type":"post","link":"https:\/\/diarioregionaldigital.com.br\/?p=110202","title":{"rendered":"Clima dever\u00e1 continuar est\u00e1vel pelos pr\u00f3ximos dias"},"content":{"rendered":"<p>Desde o dia 21 de junho j\u00e1 nos encontramos no inverno. No in\u00edcio da esta\u00e7\u00e3o a previs\u00e3o era de clima est\u00e1vel e marcado pela amplitude t\u00e9rmica, ou seja, a grande varia\u00e7\u00e3o de temperaturas ao longo do dia. Hoje, 13 dias j\u00e1 sob influ\u00eancia da esta\u00e7\u00e3o, o clima dever\u00e1 continuar est\u00e1vel.<\/p>\n<p>As temperaturas m\u00e9dias para Juiz de fora e regi\u00e3o dever\u00e3o oscilar entre m\u00e1ximas de 27C\u00b0 e m\u00ednimas de 14\u00b0C. De acordo com Kl\u00e9ber Souza, meteorologista do 5\u00ba Distrito do Instituto Nacional de Meteorologia (Inmet), \u201cestamos com um dom\u00ednio de uma massa ar seco sobre a regi\u00e3o sudeste, o que n\u00e3o deixa nenhuma frente chegar\u201d.<\/p>\n<div id=\"attachment_110292\" style=\"width: 1021px\" class=\"wp-caption aligncenter\"><img loading=\"lazy\" decoding=\"async\" aria-describedby=\"caption-attachment-110292\" class=\"size-full wp-image-110292\" src=\"http:\/\/diarioregionaljf.com.br\/wp-content\/uploads\/2018\/07\/RAFAELA-FRUTUOSO-usar-essa-2.jpg\" alt=\"\" width=\"1011\" height=\"674\" srcset=\"https:\/\/diarioregionaldigital.com.br\/wp-content\/uploads\/2018\/07\/RAFAELA-FRUTUOSO-usar-essa-2.jpg 1011w, https:\/\/diarioregionaldigital.com.br\/wp-content\/uploads\/2018\/07\/RAFAELA-FRUTUOSO-usar-essa-2-300x200.jpg 300w, https:\/\/diarioregionaldigital.com.br\/wp-content\/uploads\/2018\/07\/RAFAELA-FRUTUOSO-usar-essa-2-768x512.jpg 768w, https:\/\/diarioregionaldigital.com.br\/wp-content\/uploads\/2018\/07\/RAFAELA-FRUTUOSO-usar-essa-2-360x240.jpg 360w\" sizes=\"auto, (max-width: 1011px) 100vw, 1011px\" \/><p id=\"caption-attachment-110292\" class=\"wp-caption-text\"><em>As temperaturas m\u00e9dias para Juiz de fora e regi\u00e3o dever\u00e3o oscilar entre m\u00e1ximas de 27\u00b0C e m\u00ednimas de 14\u00b0C. Foto: Rafaela Frutuoso<\/em><\/p><\/div>\n<p>Ainda segundo o meteorologista, o tempo dever\u00e1 seguir seco e sem chuvas. \u201cN\u00e3o h\u00e1 previs\u00e3o de chuvas. O c\u00e9u dever\u00e1 continuar parcialmente nublado, com possibilidade de forma\u00e7\u00e3o de nevoeiros pela manh\u00e3, predom\u00ednio de sol \u00e0 tarde e frio pela noite\u201d.<\/p>\n<p>Ele tamb\u00e9m explica que gra\u00e7as a proximidade relativa com o oceano, a regi\u00e3o da Zona da Mata n\u00e3o sofre tanto com a umidade do ar baixa. \u201cNos pr\u00f3ximos dias a umidade dever\u00e1 ficar em 90% pela manh\u00e3, e durante a tarde dever\u00e1 cair para 45%\u201d finalizou ele.<\/p>\n","protected":false},"excerpt":{"rendered":"<p>Desde o dia 21 de junho j\u00e1 nos encontramos no inverno. No in\u00edcio da esta\u00e7\u00e3o a previs\u00e3o era de clima est\u00e1vel e marcado pela amplitude t\u00e9rmica, ou seja, a grande varia\u00e7\u00e3o de temperaturas ao longo do dia. Hoje, 13 dias j\u00e1 sob influ\u00eancia da esta\u00e7\u00e3o, o clima dever\u00e1 continuar est\u00e1vel. As temperaturas m\u00e9dias para Juiz [&hellip;]<\/p>\n","protected":false},"author":96,"featured_media":110290,"comment_status":"closed","ping_status":"closed","sticky":false,"template":"","format":"standard","meta":{"footnotes":""},"categories":[253,440,439],"tags":[],"class_list":["post-110202","post","type-post","status-publish","format-standard","has-post-thumbnail","hentry","category-cidade","category-destaques-do-dia","category-ultima-hora"],"_links":{"self":[{"href":"https:\/\/diarioregionaldigital.com.br\/index.php?rest_route=\/wp\/v2\/posts\/110202","targetHints":{"allow":["GET"]}}],"collection":[{"href":"https:\/\/diarioregionaldigital.com.br\/index.php?rest_route=\/wp\/v2\/posts"}],"about":[{"href":"https:\/\/diarioregionaldigital.com.br\/index.php?rest_route=\/wp\/v2\/types\/post"}],"author":[{"embeddable":true,"href":"https:\/\/diarioregionaldigital.com.br\/index.php?rest_route=\/wp\/v2\/users\/96"}],"replies":[{"embeddable":true,"href":"https:\/\/diarioregionaldigital.com.br\/index.php?rest_route=%2Fwp%2Fv2%2Fcomments&post=110202"}],"version-history":[{"count":0,"href":"https:\/\/diarioregionaldigital.com.br\/index.php?rest_route=\/wp\/v2\/posts\/110202\/revisions"}],"wp:featuredmedia":[{"embeddable":true,"href":"https:\/\/diarioregionaldigital.com.br\/index.php?rest_route=\/wp\/v2\/media\/110290"}],"wp:attachment":[{"href":"https:\/\/diarioregionaldigital.com.br\/index.php?rest_route=%2Fwp%2Fv2%2Fmedia&parent=110202"}],"wp:term":[{"taxonomy":"category","embeddable":true,"href":"https:\/\/diarioregionaldigital.com.br\/index.php?rest_route=%2Fwp%2Fv2%2Fcategories&post=110202"},{"taxonomy":"post_tag","embeddable":true,"href":"https:\/\/diarioregionaldigital.com.br\/index.php?rest_route=%2Fwp%2Fv2%2Ftags&post=110202"}],"curies":[{"name":"wp","href":"https:\/\/api.w.org\/{rel}","templated":true}]}}