{"id":110192,"date":"2018-07-03T14:00:21","date_gmt":"2018-07-03T17:00:21","guid":{"rendered":"http:\/\/diarioregionaljf.com.br\/?p=110192"},"modified":"2018-07-03T14:00:21","modified_gmt":"2018-07-03T17:00:21","slug":"confirmada-lesao-de-cavanni-que-e-duvida-contra-a-franca-nas-quartas-de-final","status":"publish","type":"post","link":"https:\/\/diarioregionaldigital.com.br\/?p=110192","title":{"rendered":"Confirmada les\u00e3o de Cavanni que \u00e9 duvida contra a Fran\u00e7a nas quartas de final"},"content":{"rendered":"<p>Uruguai e Fran\u00e7a disputam uma das vagas para a fase semifinal da\u00a0Copa do Mundo de 2018, na R\u00fassia. E, apesar de ter vencido todos os jogos que disputou na competi\u00e7\u00e3o, os uruguaios podem ter um desfalque de peso. O atacante Edinson Cavani,\u00a0 autor dos dois gols da vit\u00f3ria contra Portugal nas oitavas, pode n\u00e3o entrar em campo devido a les\u00e3o sofrida na partida.<\/p>\n<p>Cavani foi substitu\u00eddo aos 27 minutos do segundo tempo sentindo dores. Nesta segunda-feira, a Federa\u00e7\u00e3o Uruguaia comunicou que o atacante do Paris Saint-Germain\u00a0passou por exame, que constatou les\u00e3o muscular na panturrilha esquerda. No entanto, a entidade n\u00e3o confirmou nem negou a presen\u00e7a do jogador na partida contra a Fran\u00e7a.<\/p>\n<p><em>\u201cO Departamento M\u00e9dico da AUF (Associa\u00e7\u00e3o Uruguaia de Futebol) informa que no dia de hoje, segunda-feira 2 de julho, se realizou exame imagenol\u00f3gico ao jogador EdinsonCavani, constatando-se les\u00e3o edematosa no m\u00fasculo da panturrilha esquerda, sem rompimento de fibras musculares.<\/em><\/p>\n<p><em>O jogador continua dolorido. Realizar\u00e1 trabalho diferenciado e recupera\u00e7\u00e3o fisi\u00e1trica. Sua evolu\u00e7\u00e3o ser\u00e1 controlada.O restante do elenco se encontra em ordem.\u201d<\/em><\/p>\n<p>Fonte: Gazeta Press<\/p>\n","protected":false},"excerpt":{"rendered":"<p>Uruguai e Fran\u00e7a disputam uma das vagas para a fase semifinal da\u00a0Copa do Mundo de 2018, na R\u00fassia. E, apesar de ter vencido todos os jogos que disputou na competi\u00e7\u00e3o, os uruguaios podem ter um desfalque de peso. O atacante Edinson Cavani,\u00a0 autor dos dois gols da vit\u00f3ria contra Portugal nas oitavas, pode n\u00e3o entrar [&hellip;]<\/p>\n","protected":false},"author":96,"featured_media":110193,"comment_status":"closed","ping_status":"closed","sticky":false,"template":"","format":"standard","meta":{"footnotes":""},"categories":[257,439],"tags":[],"class_list":["post-110192","post","type-post","status-publish","format-standard","has-post-thumbnail","hentry","category-esporte","category-ultima-hora"],"_links":{"self":[{"href":"https:\/\/diarioregionaldigital.com.br\/index.php?rest_route=\/wp\/v2\/posts\/110192","targetHints":{"allow":["GET"]}}],"collection":[{"href":"https:\/\/diarioregionaldigital.com.br\/index.php?rest_route=\/wp\/v2\/posts"}],"about":[{"href":"https:\/\/diarioregionaldigital.com.br\/index.php?rest_route=\/wp\/v2\/types\/post"}],"author":[{"embeddable":true,"href":"https:\/\/diarioregionaldigital.com.br\/index.php?rest_route=\/wp\/v2\/users\/96"}],"replies":[{"embeddable":true,"href":"https:\/\/diarioregionaldigital.com.br\/index.php?rest_route=%2Fwp%2Fv2%2Fcomments&post=110192"}],"version-history":[{"count":0,"href":"https:\/\/diarioregionaldigital.com.br\/index.php?rest_route=\/wp\/v2\/posts\/110192\/revisions"}],"wp:featuredmedia":[{"embeddable":true,"href":"https:\/\/diarioregionaldigital.com.br\/index.php?rest_route=\/wp\/v2\/media\/110193"}],"wp:attachment":[{"href":"https:\/\/diarioregionaldigital.com.br\/index.php?rest_route=%2Fwp%2Fv2%2Fmedia&parent=110192"}],"wp:term":[{"taxonomy":"category","embeddable":true,"href":"https:\/\/diarioregionaldigital.com.br\/index.php?rest_route=%2Fwp%2Fv2%2Fcategories&post=110192"},{"taxonomy":"post_tag","embeddable":true,"href":"https:\/\/diarioregionaldigital.com.br\/index.php?rest_route=%2Fwp%2Fv2%2Ftags&post=110192"}],"curies":[{"name":"wp","href":"https:\/\/api.w.org\/{rel}","templated":true}]}}