{"id":110189,"date":"2018-07-03T13:51:45","date_gmt":"2018-07-03T16:51:45","guid":{"rendered":"http:\/\/diarioregionaljf.com.br\/?p=110189"},"modified":"2018-07-03T13:51:45","modified_gmt":"2018-07-03T16:51:45","slug":"trauco-nao-se-representa-guerrero-e-jonas-aparecem-no-ct","status":"publish","type":"post","link":"https:\/\/diarioregionaldigital.com.br\/?p=110189","title":{"rendered":"Trauco n\u00e3o se representa; Guerrero e Jonas aparecem no CT"},"content":{"rendered":"<p>A segunda-feira, 2, \u00a0marcou a representa\u00e7\u00e3o do atacante Paolo Guerrero, que disputou a Copa do Mundo pelo Peru, e do volante Jonas, que negocia sua sa\u00edda para o futebol \u00e1rabe. No entanto, o destaque foi a aus\u00eancia de Miguel Trauco compatriota de Guerrero.<\/p>\n<p>Trauco n\u00e3o apareceu no Ninho do Urubu, mas justificou a falta alegando que sua esposa, gr\u00e1vida teve uma complica\u00e7\u00e3o. Por conta disso, o casal perdeu o voo, mas o lateral-esquerdo garantiu que vai se reapresentar nesta ter\u00e7a-feira. Os dirigentes do Flamengo devem dar uma advert\u00eancia ou at\u00e9 mesmo uma multa.<\/p>\n<p>A situa\u00e7\u00e3o de Trauco \u00e9 bem delicada, pois o jogador adiantou que n\u00e3o quer permanecer no clube carioca. O jogador n\u00e3o teve muita oportunidade com o t\u00e9cnico Maur\u00edcio Barbieri nesta temporada.<\/p>\n<p>J\u00e1 Guerrero trabalhou normalmente na academia. O peruano tem contrato at\u00e9 o fim de agosto e negocia uma renova\u00e7\u00e3o. O entrave est\u00e1 no tempo de dura\u00e7\u00e3o do v\u00ednculo. O jogador quer assinar um contrato de dois anos enquanto os dirigentes rubro-negros preferem a extens\u00e3o at\u00e9 o fim desta temporada.<\/p>\n<p>No caso de Jonas, o volante Jonas negocia a ida para o Al Ittihad, da Ar\u00e1bia Saudita. No entanto, os dirigentes s\u00f3 v\u00e3o liberar o jogador ap\u00f3s receberem o dep\u00f3sito dos \u00e1rabes.<\/p>\n","protected":false},"excerpt":{"rendered":"<p>A segunda-feira, 2, \u00a0marcou a representa\u00e7\u00e3o do atacante Paolo Guerrero, que disputou a Copa do Mundo pelo Peru, e do volante Jonas, que negocia sua sa\u00edda para o futebol \u00e1rabe. No entanto, o destaque foi a aus\u00eancia de Miguel Trauco compatriota de Guerrero. Trauco n\u00e3o apareceu no Ninho do Urubu, mas justificou a falta alegando [&hellip;]<\/p>\n","protected":false},"author":96,"featured_media":110190,"comment_status":"closed","ping_status":"closed","sticky":false,"template":"","format":"standard","meta":{"footnotes":""},"categories":[257,439],"tags":[],"class_list":["post-110189","post","type-post","status-publish","format-standard","has-post-thumbnail","hentry","category-esporte","category-ultima-hora"],"_links":{"self":[{"href":"https:\/\/diarioregionaldigital.com.br\/index.php?rest_route=\/wp\/v2\/posts\/110189","targetHints":{"allow":["GET"]}}],"collection":[{"href":"https:\/\/diarioregionaldigital.com.br\/index.php?rest_route=\/wp\/v2\/posts"}],"about":[{"href":"https:\/\/diarioregionaldigital.com.br\/index.php?rest_route=\/wp\/v2\/types\/post"}],"author":[{"embeddable":true,"href":"https:\/\/diarioregionaldigital.com.br\/index.php?rest_route=\/wp\/v2\/users\/96"}],"replies":[{"embeddable":true,"href":"https:\/\/diarioregionaldigital.com.br\/index.php?rest_route=%2Fwp%2Fv2%2Fcomments&post=110189"}],"version-history":[{"count":0,"href":"https:\/\/diarioregionaldigital.com.br\/index.php?rest_route=\/wp\/v2\/posts\/110189\/revisions"}],"wp:featuredmedia":[{"embeddable":true,"href":"https:\/\/diarioregionaldigital.com.br\/index.php?rest_route=\/wp\/v2\/media\/110190"}],"wp:attachment":[{"href":"https:\/\/diarioregionaldigital.com.br\/index.php?rest_route=%2Fwp%2Fv2%2Fmedia&parent=110189"}],"wp:term":[{"taxonomy":"category","embeddable":true,"href":"https:\/\/diarioregionaldigital.com.br\/index.php?rest_route=%2Fwp%2Fv2%2Fcategories&post=110189"},{"taxonomy":"post_tag","embeddable":true,"href":"https:\/\/diarioregionaldigital.com.br\/index.php?rest_route=%2Fwp%2Fv2%2Ftags&post=110189"}],"curies":[{"name":"wp","href":"https:\/\/api.w.org\/{rel}","templated":true}]}}