{"id":110186,"date":"2018-07-03T13:44:57","date_gmt":"2018-07-03T16:44:57","guid":{"rendered":"http:\/\/diarioregionaljf.com.br\/?p=110186"},"modified":"2018-07-03T13:44:57","modified_gmt":"2018-07-03T16:44:57","slug":"selecao-brasileira-programacao-ate-o-duelo-contra-a-belgica","status":"publish","type":"post","link":"https:\/\/diarioregionaldigital.com.br\/?p=110186","title":{"rendered":"Sele\u00e7\u00e3o Brasileira: programa\u00e7\u00e3o at\u00e9 o duelo contra a B\u00e9lgica"},"content":{"rendered":"<p>A B\u00e9lgica ser\u00e1 o advers\u00e1rio do Brasil nas quartas de final da Copa do Mundo R\u00fassia 2018. O confronto ser\u00e1 na pr\u00f3xima sexta-feira, 6, \u00a0\u00e0s 15h (hor\u00e1rio de Br\u00e1silia), em Kazan. At\u00e9 l\u00e1, a Sele\u00e7\u00e3o Brasileira ter\u00e1 uma programa\u00e7\u00e3o de treinos em Sochi, sede da equipe brasileira na R\u00fassia.<\/p>\n<p>A equipe desembarcou em Sochi no in\u00edcio da madrugada desta ter\u00e7a-feira, 3, e j\u00e1 come\u00e7a a etapa de descanso, recupera\u00e7\u00e3o e prepara\u00e7\u00e3o at\u00e9 o duelo decisivo. O primeiro treino est\u00e1 marcado para as 18h (hor\u00e1rio local), 12h no hor\u00e1rio de Bras\u00edlia. N\u00e3o haver\u00e1 coletiva de imprensa.<\/p>\n<p>Na quarta-feira, 4, a Sele\u00e7\u00e3o treina \u00e0s 17h ( hor\u00e1rio local), com coletiva de imprensa programada para o p\u00f3s-treino \u00e0s 19h10. Esta atividade ser\u00e1 aberta durante 15 minutos para a imprensa.<\/p>\n<p>Na quinta-feira, 5, v\u00e9spera do jogo, a delega\u00e7\u00e3o segue para a cidade de Kazan, com voo marcado para as 9h. No mesmo dia, \u00e0s 17h30 (hor\u00e1rio local), Tite comanda o \u00faltimo treino antes do duelo com a B\u00e9lgica. Liberado por 15 minutos para os jornalistas. Como de praxe, Tite e o capit\u00e3o brasileiro escolhido para o jogo participar\u00e3o de coletiva de imprensa em hor\u00e1rio ainda a definir.<\/p>\n<p>A delega\u00e7\u00e3o ficar\u00e1 hospedada no Mirage Hotel em Kazan. A programa\u00e7\u00e3o est\u00e1 sujeita a altera\u00e7\u00f5es. Brasil e B\u00e9lgica disputam uma vaga nas semifinais na sexta-feira, 6, \u00e0s 15h, em Kazan.<\/p>\n<p><strong>Fonte: CBF<\/strong><\/p>\n<p><strong>\u00a0<\/strong><\/p>\n","protected":false},"excerpt":{"rendered":"<p>A B\u00e9lgica ser\u00e1 o advers\u00e1rio do Brasil nas quartas de final da Copa do Mundo R\u00fassia 2018. O confronto ser\u00e1 na pr\u00f3xima sexta-feira, 6, \u00a0\u00e0s 15h (hor\u00e1rio de Br\u00e1silia), em Kazan. At\u00e9 l\u00e1, a Sele\u00e7\u00e3o Brasileira ter\u00e1 uma programa\u00e7\u00e3o de treinos em Sochi, sede da equipe brasileira na R\u00fassia. A equipe desembarcou em Sochi no [&hellip;]<\/p>\n","protected":false},"author":96,"featured_media":110187,"comment_status":"closed","ping_status":"closed","sticky":false,"template":"","format":"standard","meta":{"footnotes":""},"categories":[257,439],"tags":[],"class_list":["post-110186","post","type-post","status-publish","format-standard","has-post-thumbnail","hentry","category-esporte","category-ultima-hora"],"_links":{"self":[{"href":"https:\/\/diarioregionaldigital.com.br\/index.php?rest_route=\/wp\/v2\/posts\/110186","targetHints":{"allow":["GET"]}}],"collection":[{"href":"https:\/\/diarioregionaldigital.com.br\/index.php?rest_route=\/wp\/v2\/posts"}],"about":[{"href":"https:\/\/diarioregionaldigital.com.br\/index.php?rest_route=\/wp\/v2\/types\/post"}],"author":[{"embeddable":true,"href":"https:\/\/diarioregionaldigital.com.br\/index.php?rest_route=\/wp\/v2\/users\/96"}],"replies":[{"embeddable":true,"href":"https:\/\/diarioregionaldigital.com.br\/index.php?rest_route=%2Fwp%2Fv2%2Fcomments&post=110186"}],"version-history":[{"count":0,"href":"https:\/\/diarioregionaldigital.com.br\/index.php?rest_route=\/wp\/v2\/posts\/110186\/revisions"}],"wp:featuredmedia":[{"embeddable":true,"href":"https:\/\/diarioregionaldigital.com.br\/index.php?rest_route=\/wp\/v2\/media\/110187"}],"wp:attachment":[{"href":"https:\/\/diarioregionaldigital.com.br\/index.php?rest_route=%2Fwp%2Fv2%2Fmedia&parent=110186"}],"wp:term":[{"taxonomy":"category","embeddable":true,"href":"https:\/\/diarioregionaldigital.com.br\/index.php?rest_route=%2Fwp%2Fv2%2Fcategories&post=110186"},{"taxonomy":"post_tag","embeddable":true,"href":"https:\/\/diarioregionaldigital.com.br\/index.php?rest_route=%2Fwp%2Fv2%2Ftags&post=110186"}],"curies":[{"name":"wp","href":"https:\/\/api.w.org\/{rel}","templated":true}]}}