{"id":110176,"date":"2018-07-03T13:13:28","date_gmt":"2018-07-03T16:13:28","guid":{"rendered":"http:\/\/diarioregionaljf.com.br\/?p=110176"},"modified":"2018-07-04T09:28:14","modified_gmt":"2018-07-04T12:28:14","slug":"adolescentes-sao-assaltados-apos-transmissao-do-jogo-da-selecao-na-ufjf","status":"publish","type":"post","link":"https:\/\/diarioregionaldigital.com.br\/?p=110176","title":{"rendered":"Adolescentes s\u00e3o assaltados ap\u00f3s transmiss\u00e3o do jogo da sele\u00e7\u00e3o na UFJF"},"content":{"rendered":"<p>Dois adolescentes, de 14 e 16 anos, foram amea\u00e7ados e assaltados durante a sa\u00edda do evento de transmiss\u00e3o do jogo da copa, na Universidade Federal de Juiz de Fora (UFJF). O crime ocorreu na tarde dessa segunda-feira, 2.<\/p>\n<p>De acordo com o registro de ocorr\u00eancias da Pol\u00edcia Militar (PM), as v\u00edtimas foram abordadas na rua um do campus, por v\u00e1rios indiv\u00edduos. Eles n\u00e3o souberam confirmar o n\u00famero exato.<\/p>\n<p>Os autores teriam utilizado de for\u00e7a f\u00edsica para assaltarem as v\u00edtimas. Do adolescente de 14 anos, roubaram um bon\u00e9 e uma camisa da sele\u00e7\u00e3o brasileira. Do adolescente de 16 anos, roubaram uma pulseira, um rel\u00f3gio, um telefone celular e carteira de identidade.<\/p>\n<p>As v\u00edtimas registraram a ocorr\u00eancia junto \u00e0 PM. Os autores n\u00e3o foram localizados.<\/p>\n<p>Segundo informa\u00e7\u00f5es da UFJF, o setor de seguran\u00e7a informou que o caso aconteceu logo ap\u00f3s a exibi\u00e7\u00e3o da partida, no momento que a maioria das pessoas deixavam o campus.<\/p>\n<p>Assim que a PM foi acionada, a universidade disponibilizou imagens das c\u00e2meras de seguran\u00e7a, que n\u00e3o captaram a a\u00e7\u00e3o.<\/p>\n<p>A UFJF refor\u00e7ou ainda que o p\u00fablico presente nas transmiss\u00f5es dos jogos tem aumentado e que da mesma forma a Universidade tamb\u00e9m esta buscando ampliar o contingente de seguran\u00e7a espalhado pelo campus durante o evento.<\/p>\n<p>A PM est\u00e1 atuando em parceria com a institui\u00e7\u00e3o desde o primeiro evento.<\/p>\n","protected":false},"excerpt":{"rendered":"<p>Dois adolescentes, de 14 e 16 anos, foram amea\u00e7ados e assaltados durante a sa\u00edda do evento de transmiss\u00e3o do jogo da copa, na Universidade Federal de Juiz de Fora (UFJF). O crime ocorreu na tarde dessa segunda-feira, 2. De acordo com o registro de ocorr\u00eancias da Pol\u00edcia Militar (PM), as v\u00edtimas foram abordadas na rua [&hellip;]<\/p>\n","protected":false},"author":96,"featured_media":97342,"comment_status":"closed","ping_status":"closed","sticky":false,"template":"","format":"standard","meta":{"footnotes":""},"categories":[301,439],"tags":[],"class_list":["post-110176","post","type-post","status-publish","format-standard","has-post-thumbnail","hentry","category-artigos-policiais","category-ultima-hora"],"_links":{"self":[{"href":"https:\/\/diarioregionaldigital.com.br\/index.php?rest_route=\/wp\/v2\/posts\/110176","targetHints":{"allow":["GET"]}}],"collection":[{"href":"https:\/\/diarioregionaldigital.com.br\/index.php?rest_route=\/wp\/v2\/posts"}],"about":[{"href":"https:\/\/diarioregionaldigital.com.br\/index.php?rest_route=\/wp\/v2\/types\/post"}],"author":[{"embeddable":true,"href":"https:\/\/diarioregionaldigital.com.br\/index.php?rest_route=\/wp\/v2\/users\/96"}],"replies":[{"embeddable":true,"href":"https:\/\/diarioregionaldigital.com.br\/index.php?rest_route=%2Fwp%2Fv2%2Fcomments&post=110176"}],"version-history":[{"count":0,"href":"https:\/\/diarioregionaldigital.com.br\/index.php?rest_route=\/wp\/v2\/posts\/110176\/revisions"}],"wp:featuredmedia":[{"embeddable":true,"href":"https:\/\/diarioregionaldigital.com.br\/index.php?rest_route=\/wp\/v2\/media\/97342"}],"wp:attachment":[{"href":"https:\/\/diarioregionaldigital.com.br\/index.php?rest_route=%2Fwp%2Fv2%2Fmedia&parent=110176"}],"wp:term":[{"taxonomy":"category","embeddable":true,"href":"https:\/\/diarioregionaldigital.com.br\/index.php?rest_route=%2Fwp%2Fv2%2Fcategories&post=110176"},{"taxonomy":"post_tag","embeddable":true,"href":"https:\/\/diarioregionaldigital.com.br\/index.php?rest_route=%2Fwp%2Fv2%2Ftags&post=110176"}],"curies":[{"name":"wp","href":"https:\/\/api.w.org\/{rel}","templated":true}]}}