{"id":110172,"date":"2018-07-03T13:10:19","date_gmt":"2018-07-03T16:10:19","guid":{"rendered":"http:\/\/diarioregionaljf.com.br\/?p=110172"},"modified":"2018-07-03T13:15:26","modified_gmt":"2018-07-03T16:15:26","slug":"mais-169-imigrantes-venezuelanos-sao-transferidos-para-o-rj-pb-e-pe","status":"publish","type":"post","link":"https:\/\/diarioregionaldigital.com.br\/?p=110172","title":{"rendered":"Mais 164 imigrantes venezuelanos s\u00e3o transferidos para o RJ, PB e PE"},"content":{"rendered":"<p>Tr\u00eas cidades brasileiras recebem nessa ter\u00e7a-feeira, 03, imigrantes venezuelanos, em uma nova etapa do processo de interioriza\u00e7\u00e3o. Est\u00e1 previsto o embarque de 164 solicitantes de ref\u00fagio e migrantes em Boa Vista, Roraima, que ser\u00e3o transferidos para as cidades de Igarassu, em Pernambuco; Conde, na Para\u00edba, e Rio de Janeiro.<\/p>\n<p>De acordo com o governo federal e com a Organiza\u00e7\u00e3o das Na\u00e7\u00f5es Unidas (ONU), a interioriza\u00e7\u00e3o \u00e9 o processo de promover a mudan\u00e7a de venezuelanos para outros estados do pa\u00eds. At\u00e9 o dia 15 de maio, segundo a ONU Brasil, 527 venezuelanos foram distribu\u00eddos entre S\u00e3o Paulo, Manaus e Cuiab\u00e1. O processo conta com o apoio t\u00e9cnico da Ag\u00eancia da ONU para Refugiados, da Organiza\u00e7\u00e3o Internacional para as Migra\u00e7\u00f5es e do Fundo de Popula\u00e7\u00e3o das Na\u00e7\u00f5es Unidas.<\/p>\n<div class=\"dnd-widget-wrapper context-cheio_8colunas type-image\">\n<div class=\"dnd-caption-wrapper\">\n<div class=\"meta\"><span style=\"color: #565656; font-size: 15px; line-height: 1.5;\">A cidade de Conde receber\u00e1 45 pessoas; 69 seguem para Igarassu e 50 para o Rio de Janeiro.<\/span><\/div>\n<\/div>\n<\/div>\n<p>\u00c9 a primeira vez que essas cidades recebem imigrantes venezuelanos que aceitaram participar da transfer\u00eancia.<\/p>\n<p>No Rio de Janeiro e em Igarassu, a ONG Aldeias Infantis administra o abrigo que vai receber os solicitantes de ref\u00fagio. L\u00e1, ser\u00e3o acolhidas fam\u00edlias com crian\u00e7as e adolescentes, al\u00e9m de mulheres que estejam sozinhas no Brasil ou gr\u00e1vidas.<\/p>\n<p>J\u00e1 em Conde, o abrigo \u00e9 de responsabilidade do Servi\u00e7o Pastoral do Migrante e vai receber prioritariamente homens e mulheres entre 18 e 30 anos, al\u00e9m de fam\u00edlias.<\/p>\n<p>&nbsp;<\/p>\n<p>Fonte: Ag\u00eancia Brasil<\/p>\n","protected":false},"excerpt":{"rendered":"<p>Tr\u00eas cidades brasileiras recebem nessa ter\u00e7a-feeira, 03, imigrantes venezuelanos, em uma nova etapa do processo de interioriza\u00e7\u00e3o. Est\u00e1 previsto o embarque de 164 solicitantes de ref\u00fagio e migrantes em Boa Vista, Roraima, que ser\u00e3o transferidos para as cidades de Igarassu, em Pernambuco; Conde, na Para\u00edba, e Rio de Janeiro. De acordo com o governo federal [&hellip;]<\/p>\n","protected":false},"author":96,"featured_media":110174,"comment_status":"closed","ping_status":"closed","sticky":false,"template":"","format":"standard","meta":{"footnotes":""},"categories":[302,439],"tags":[],"class_list":["post-110172","post","type-post","status-publish","format-standard","has-post-thumbnail","hentry","category-brasil-mundo","category-ultima-hora"],"_links":{"self":[{"href":"https:\/\/diarioregionaldigital.com.br\/index.php?rest_route=\/wp\/v2\/posts\/110172","targetHints":{"allow":["GET"]}}],"collection":[{"href":"https:\/\/diarioregionaldigital.com.br\/index.php?rest_route=\/wp\/v2\/posts"}],"about":[{"href":"https:\/\/diarioregionaldigital.com.br\/index.php?rest_route=\/wp\/v2\/types\/post"}],"author":[{"embeddable":true,"href":"https:\/\/diarioregionaldigital.com.br\/index.php?rest_route=\/wp\/v2\/users\/96"}],"replies":[{"embeddable":true,"href":"https:\/\/diarioregionaldigital.com.br\/index.php?rest_route=%2Fwp%2Fv2%2Fcomments&post=110172"}],"version-history":[{"count":0,"href":"https:\/\/diarioregionaldigital.com.br\/index.php?rest_route=\/wp\/v2\/posts\/110172\/revisions"}],"wp:featuredmedia":[{"embeddable":true,"href":"https:\/\/diarioregionaldigital.com.br\/index.php?rest_route=\/wp\/v2\/media\/110174"}],"wp:attachment":[{"href":"https:\/\/diarioregionaldigital.com.br\/index.php?rest_route=%2Fwp%2Fv2%2Fmedia&parent=110172"}],"wp:term":[{"taxonomy":"category","embeddable":true,"href":"https:\/\/diarioregionaldigital.com.br\/index.php?rest_route=%2Fwp%2Fv2%2Fcategories&post=110172"},{"taxonomy":"post_tag","embeddable":true,"href":"https:\/\/diarioregionaldigital.com.br\/index.php?rest_route=%2Fwp%2Fv2%2Ftags&post=110172"}],"curies":[{"name":"wp","href":"https:\/\/api.w.org\/{rel}","templated":true}]}}