{"id":110166,"date":"2018-07-03T12:43:20","date_gmt":"2018-07-03T15:43:20","guid":{"rendered":"http:\/\/diarioregionaljf.com.br\/?p=110166"},"modified":"2018-07-03T12:43:20","modified_gmt":"2018-07-03T15:43:20","slug":"eike-batista-e-condenado-a-30-anos-por-corrupcao-e-lavagem-de-dinheiro","status":"publish","type":"post","link":"https:\/\/diarioregionaldigital.com.br\/?p=110166","title":{"rendered":"Eike Batista \u00e9 condenado a 30 anos por corrup\u00e7\u00e3o e lavagem de dinheiro"},"content":{"rendered":"<p>O empres\u00e1rio Eike Batista foi condenado a 30 anos de pris\u00e3o em regime fechado pela 7\u00aa Vara Federal do Rio de Janeiro, pelos crimes de corrup\u00e7\u00e3o e lavagem de dinheiro. Ele \u00e9 acusado de fazer pagamentos indevidos no valor de 16,5 milh\u00f5es de d\u00f3lares ao ex-governador fluminense S\u00e9rgio Cabral, em 2011, e de tentar ocultar a propina por meio de uma opera\u00e7\u00e3o de lavagem de dinheiro.<\/p>\n<p>Segundo a den\u00fancia apresentada pelo Minist\u00e9rio P\u00fablico Federal, a fim de ocultar o pagamento a Cabral, o doleiro Renato Chebar criou uma <em>offshore<\/em> chamada Arcadia Associados, que assinou um contrato fict\u00edcio com a empresa Centennial Asset Mining Fund, de Eike Batista, para a poss\u00edvel aquisi\u00e7\u00e3o de uma mina de ouro.<\/p>\n<p><span style=\"line-height: 1.5;\">Pela falsa intermedia\u00e7\u00e3o, a Arcadia receberia 1,12% do valor da transa\u00e7\u00e3o. Os recursos foram transferidos de uma conta de Eike Batista no Panam\u00e1 para uma conta da Arcadia, de Chebar, aberta no Uruguai.<\/span><\/p>\n<p>No mesmo processo, tamb\u00e9m foi condenado o ex-governador S\u00e9rgio Cabral, a 22 anos e oito meses em regime fechado, pelos crimes de corrup\u00e7\u00e3o passiva, lavagem de dinheiro e evas\u00e3o de divisas. Essa foi a sexta condena\u00e7\u00e3o de Cabral em processos que apuram esquemas de corrup\u00e7\u00e3o no estado do Rio de Janeiro. O ex-governador j\u00e1 soma penas que ultrapassam 120 anos de pris\u00e3o.<\/p>\n<p>Outros condenados foram a ex-primeira dama Adriana Ancelmo (4 anos e seis meses); o ex-secret\u00e1rio Wilson Carlos (9 anos e 10 meses); o ex-bra\u00e7o direito de Cabral, Carlos Miranda (8 anos e 6 meses); e o bra\u00e7o-direito de Eike, Flavio Godinho (22 anos).<\/p>\n<p>&nbsp;<\/p>\n<p>Fonte: Ag\u00eancia Brasil<\/p>\n","protected":false},"excerpt":{"rendered":"<p>O empres\u00e1rio Eike Batista foi condenado a 30 anos de pris\u00e3o em regime fechado pela 7\u00aa Vara Federal do Rio de Janeiro, pelos crimes de corrup\u00e7\u00e3o e lavagem de dinheiro. Ele \u00e9 acusado de fazer pagamentos indevidos no valor de 16,5 milh\u00f5es de d\u00f3lares ao ex-governador fluminense S\u00e9rgio Cabral, em 2011, e de tentar ocultar [&hellip;]<\/p>\n","protected":false},"author":96,"featured_media":110168,"comment_status":"closed","ping_status":"closed","sticky":false,"template":"","format":"standard","meta":{"footnotes":""},"categories":[254,439],"tags":[],"class_list":["post-110166","post","type-post","status-publish","format-standard","has-post-thumbnail","hentry","category-politica","category-ultima-hora"],"_links":{"self":[{"href":"https:\/\/diarioregionaldigital.com.br\/index.php?rest_route=\/wp\/v2\/posts\/110166","targetHints":{"allow":["GET"]}}],"collection":[{"href":"https:\/\/diarioregionaldigital.com.br\/index.php?rest_route=\/wp\/v2\/posts"}],"about":[{"href":"https:\/\/diarioregionaldigital.com.br\/index.php?rest_route=\/wp\/v2\/types\/post"}],"author":[{"embeddable":true,"href":"https:\/\/diarioregionaldigital.com.br\/index.php?rest_route=\/wp\/v2\/users\/96"}],"replies":[{"embeddable":true,"href":"https:\/\/diarioregionaldigital.com.br\/index.php?rest_route=%2Fwp%2Fv2%2Fcomments&post=110166"}],"version-history":[{"count":0,"href":"https:\/\/diarioregionaldigital.com.br\/index.php?rest_route=\/wp\/v2\/posts\/110166\/revisions"}],"wp:featuredmedia":[{"embeddable":true,"href":"https:\/\/diarioregionaldigital.com.br\/index.php?rest_route=\/wp\/v2\/media\/110168"}],"wp:attachment":[{"href":"https:\/\/diarioregionaldigital.com.br\/index.php?rest_route=%2Fwp%2Fv2%2Fmedia&parent=110166"}],"wp:term":[{"taxonomy":"category","embeddable":true,"href":"https:\/\/diarioregionaldigital.com.br\/index.php?rest_route=%2Fwp%2Fv2%2Fcategories&post=110166"},{"taxonomy":"post_tag","embeddable":true,"href":"https:\/\/diarioregionaldigital.com.br\/index.php?rest_route=%2Fwp%2Fv2%2Ftags&post=110166"}],"curies":[{"name":"wp","href":"https:\/\/api.w.org\/{rel}","templated":true}]}}