{"id":110163,"date":"2018-07-03T12:20:28","date_gmt":"2018-07-03T15:20:28","guid":{"rendered":"http:\/\/diarioregionaljf.com.br\/?p=110163"},"modified":"2018-07-04T10:23:35","modified_gmt":"2018-07-04T13:23:35","slug":"matriculas-presenciais-para-convocados-no-sisu-e-no-pism-acontecem-dias-4-e-5","status":"publish","type":"post","link":"https:\/\/diarioregionaldigital.com.br\/?p=110163","title":{"rendered":"Matr\u00edculas presenciais para convocados no Sisu e no Pism acontecem dias 4 e 5"},"content":{"rendered":"<p>Aprovados na Universidade Federal de Juiz de Fora (UFJF) para o segundo semestre letivo devem realizar matr\u00edcula presencial nos dias 4 e 5 de julho nos dois campi. O procedimento \u00e9 obrigat\u00f3rio e v\u00e1lido para aqueles que j\u00e1 fizeram a matr\u00edcula on-line no prazo determinado. S\u00e3o esperados os aprovados pela chamada regular do Sistema de Sele\u00e7\u00e3o Unificado (Sisu) e pelos os tr\u00eas editais de<a href=\"http:\/\/www.ufjf.br\/cdara\/pism-vestibular\/pism-vestibular-2018\/editais-de-reclassificacao\/\" target=\"_blank\" rel=\"noopener\" data-saferedirecturl=\"https:\/\/www.google.com\/url?hl=pt-BR&amp;q=http:\/\/www.ufjf.br\/cdara\/pism-vestibular\/pism-vestibular-2018\/editais-de-reclassificacao\/&amp;source=gmail&amp;ust=1530717144566000&amp;usg=AFQjCNEkdqakvoyF4RtuafGRkcq1QzfCTQ\">\u00a0reclassifica\u00e7\u00e3o do segundo semestre<\/a>\u00a0do Programa de Ingresso Seletivo Misto (Pism).<\/p>\n<p>Para o campus de Juiz de Fora, as matr\u00edculas presenciais ocorrem no Anfiteatro da Reitoria, no Pr\u00e9dio Central do Campus da UFJF. Em Governador Valadares, os convocados devem se dirigir ao Pr\u00e9dio da Faculdade Pit\u00e1goras (Rua Dr. Raimundo Monteiro de Rezende, n\u00ba 330, Centro de Governador Valadares). \u00c9 importante estar atento ao dia e hor\u00e1rio de matr\u00edcula referente ao curso em que foi aprovado. Confira nos cronogramas para\u00a0<a href=\"http:\/\/www.ufjf.br\/cdara\/sisu-2\/sisu-2018-2a-edicao\/documentacao-datas-e-horarios\/\" target=\"_blank\" rel=\"noopener\" data-saferedirecturl=\"https:\/\/www.google.com\/url?hl=pt-BR&amp;q=http:\/\/www.ufjf.br\/cdara\/sisu-2\/sisu-2018-2a-edicao\/documentacao-datas-e-horarios\/&amp;source=gmail&amp;ust=1530717144566000&amp;usg=AFQjCNHCQqSDXcrmnSm63POcJinMiy-DmA\">Sisu<\/a>\u00a0e\u00a0<a href=\"http:\/\/www.ufjf.br\/cdara\/pism-vestibular\/pism-vestibular-2018\/documentacao-datas-e-horarios\/\" target=\"_blank\" rel=\"noopener\" data-saferedirecturl=\"https:\/\/www.google.com\/url?hl=pt-BR&amp;q=http:\/\/www.ufjf.br\/cdara\/pism-vestibular\/pism-vestibular-2018\/documentacao-datas-e-horarios\/&amp;source=gmail&amp;ust=1530717144566000&amp;usg=AFQjCNGqnZwZs7KovWvq_ilpv186S6sTjA\">Pism<\/a>\u00a0no site da\u00a0<a href=\"http:\/\/www.ufjf.br\/cdara\/\" target=\"_blank\" rel=\"noopener\" data-saferedirecturl=\"https:\/\/www.google.com\/url?hl=pt-BR&amp;q=http:\/\/www.ufjf.br\/cdara\/&amp;source=gmail&amp;ust=1530717144566000&amp;usg=AFQjCNGX55mcyMtpe7QZbCIQ5aS-eGRY4A\">Coordenadoria de Assuntos e Registros Acad\u00eamicos (Cdara)<\/a>.<\/p>\n<p>O coordenador da Cdara, Mussolini Sutana Fernandes, ressalta que este cronograma foi elaborado para evitar tumultos e atender melhor aos futuros estudantes. \u201cOrientamos aos alunos a olhar bem o cronograma, hor\u00e1rios, distribui\u00e7\u00e3o de cursos para evitarmos tumultos e equ\u00edvocos.\u201d Al\u00e9m disso, o coordenador aponta que o cuidado com a documenta\u00e7\u00e3o \u00e9 importante. \u201cTamb\u00e9m conferir a documenta\u00e7\u00e3o e a legibilidade deles \u00e9 importante. No caso de estudantes advindos de escola p\u00fablica, \u00e9 uma exig\u00eancia da Universidade apresentar a declara\u00e7\u00e3o de que as tr\u00eas s\u00e9ries do Ensino M\u00e9dio foram cursadas nestas institui\u00e7\u00f5es.\u201d<\/p>\n<p>No site da Cdara \u00e9 poss\u00edvel encontrar as orienta\u00e7\u00f5es e a\u00a0<a href=\"http:\/\/www.ufjf.br\/cdara\/files\/2018\/01\/Resolu%C3%A7%C3%A3o_60.2017_CONSU_Anexo_-Regulamento-de-Matr%C3%ADcula_Anexoalterado.pdf\" target=\"_blank\" rel=\"noopener\" data-saferedirecturl=\"https:\/\/www.google.com\/url?hl=pt-BR&amp;q=http:\/\/www.ufjf.br\/cdara\/files\/2018\/01\/Resolu%25C3%25A7%25C3%25A3o_60.2017_CONSU_Anexo_-Regulamento-de-Matr%25C3%25ADcula_Anexoalterado.pdf&amp;source=gmail&amp;ust=1530717144566000&amp;usg=AFQjCNFnhIRtIRrd8h4Fi58AEWqEhgjfUA\">documenta\u00e7\u00e3o necess\u00e1ria<\/a>\u00a0para efetiva\u00e7\u00e3o de matr\u00edcula. Todos os aprovados devem levar preenchidas, a ficha cadastral e demais formul\u00e1rios e declara\u00e7\u00f5es referentes ao seu grupo que est\u00e3o disponibilizadas nas abas\u00a0<a href=\"http:\/\/www.ufjf.br\/cdara\/sisu-2\/sisu-2018-2a-edicao\/documentacao-datas-e-horarios\/\" target=\"_blank\" rel=\"noopener\" data-saferedirecturl=\"https:\/\/www.google.com\/url?hl=pt-BR&amp;q=http:\/\/www.ufjf.br\/cdara\/sisu-2\/sisu-2018-2a-edicao\/documentacao-datas-e-horarios\/&amp;source=gmail&amp;ust=1530717144566000&amp;usg=AFQjCNHCQqSDXcrmnSm63POcJinMiy-DmA\">Sisu\u00a0<\/a>e\u00a0<a href=\"http:\/\/www.ufjf.br\/cdara\/pism-vestibular\/pism-vestibular-2018\/documentacao-datas-e-horarios\/\" target=\"_blank\" rel=\"noopener\" data-saferedirecturl=\"https:\/\/www.google.com\/url?hl=pt-BR&amp;q=http:\/\/www.ufjf.br\/cdara\/pism-vestibular\/pism-vestibular-2018\/documentacao-datas-e-horarios\/&amp;source=gmail&amp;ust=1530717144566000&amp;usg=AFQjCNGqnZwZs7KovWvq_ilpv186S6sTjA\">Pism<\/a>.<\/p>\n<p>Fonte: Assessoria<\/p>\n","protected":false},"excerpt":{"rendered":"<p>Aprovados na Universidade Federal de Juiz de Fora (UFJF) para o segundo semestre letivo devem realizar matr\u00edcula presencial nos dias 4 e 5 de julho nos dois campi. O procedimento \u00e9 obrigat\u00f3rio e v\u00e1lido para aqueles que j\u00e1 fizeram a matr\u00edcula on-line no prazo determinado. S\u00e3o esperados os aprovados pela chamada regular do Sistema de [&hellip;]<\/p>\n","protected":false},"author":96,"featured_media":110164,"comment_status":"closed","ping_status":"closed","sticky":false,"template":"","format":"standard","meta":{"footnotes":""},"categories":[253,440,439],"tags":[],"class_list":["post-110163","post","type-post","status-publish","format-standard","has-post-thumbnail","hentry","category-cidade","category-destaques-do-dia","category-ultima-hora"],"_links":{"self":[{"href":"https:\/\/diarioregionaldigital.com.br\/index.php?rest_route=\/wp\/v2\/posts\/110163","targetHints":{"allow":["GET"]}}],"collection":[{"href":"https:\/\/diarioregionaldigital.com.br\/index.php?rest_route=\/wp\/v2\/posts"}],"about":[{"href":"https:\/\/diarioregionaldigital.com.br\/index.php?rest_route=\/wp\/v2\/types\/post"}],"author":[{"embeddable":true,"href":"https:\/\/diarioregionaldigital.com.br\/index.php?rest_route=\/wp\/v2\/users\/96"}],"replies":[{"embeddable":true,"href":"https:\/\/diarioregionaldigital.com.br\/index.php?rest_route=%2Fwp%2Fv2%2Fcomments&post=110163"}],"version-history":[{"count":0,"href":"https:\/\/diarioregionaldigital.com.br\/index.php?rest_route=\/wp\/v2\/posts\/110163\/revisions"}],"wp:featuredmedia":[{"embeddable":true,"href":"https:\/\/diarioregionaldigital.com.br\/index.php?rest_route=\/wp\/v2\/media\/110164"}],"wp:attachment":[{"href":"https:\/\/diarioregionaldigital.com.br\/index.php?rest_route=%2Fwp%2Fv2%2Fmedia&parent=110163"}],"wp:term":[{"taxonomy":"category","embeddable":true,"href":"https:\/\/diarioregionaldigital.com.br\/index.php?rest_route=%2Fwp%2Fv2%2Fcategories&post=110163"},{"taxonomy":"post_tag","embeddable":true,"href":"https:\/\/diarioregionaldigital.com.br\/index.php?rest_route=%2Fwp%2Fv2%2Ftags&post=110163"}],"curies":[{"name":"wp","href":"https:\/\/api.w.org\/{rel}","templated":true}]}}