{"id":110157,"date":"2018-07-03T11:45:46","date_gmt":"2018-07-03T14:45:46","guid":{"rendered":"http:\/\/diarioregionaljf.com.br\/?p=110157"},"modified":"2018-07-04T10:23:42","modified_gmt":"2018-07-04T13:23:42","slug":"autorizada-alteracao-tarifaria-do-transporte-regular-interestadual","status":"publish","type":"post","link":"https:\/\/diarioregionaldigital.com.br\/?p=110157","title":{"rendered":"Autorizada altera\u00e7\u00e3o tarif\u00e1ria do transporte regular interestadual"},"content":{"rendered":"<p>A Ag\u00eancia Nacional de Transportes Terrestres (ANTT) publicou hoje, no Di\u00e1rio Oficial da Uni\u00e3o, a Resolu\u00e7\u00e3o ANTT n\u00ba 5.826\/2018, que autorizou o reajuste de 10,139% no coeficiente tarif\u00e1rio dos servi\u00e7os regulares de do transporte interestadual e internacional de passageiros. O reajuste j\u00e1 est\u00e1 em vigor e n\u00e3o se aplica aos servi\u00e7os semiurbanos de passageiros.<\/p>\n<p>A metodologia de reajuste dos servi\u00e7os est\u00e1 prevista na Resolu\u00e7\u00e3o ANTT n\u00ba 4.770\/2015, que prev\u00ea o reajuste anual do Coeficiente Tarif\u00e1rio M\u00e1ximo e leva em considera\u00e7\u00e3o a varia\u00e7\u00e3o de 12 meses do \u00cdndice Nacional de Pre\u00e7os ao Consumidor Amplo (IPCA) e do pre\u00e7o relativo ao \u00f3leo diesel para distribuidora.<\/p>\n<p>Clique\u00a0<a title=\"aqui\" href=\"http:\/\/portal.antt.gov.br\/index.php\/content\/view\/53820\/Resolucao_n__5826.html\" target=\"blank\">aqui<\/a>\u00a0e veja a resolu\u00e7\u00e3o na \u00edntegra.<\/p>\n<p>Fonte: ANTT<\/p>\n","protected":false},"excerpt":{"rendered":"<p>A Ag\u00eancia Nacional de Transportes Terrestres (ANTT) publicou hoje, no Di\u00e1rio Oficial da Uni\u00e3o, a Resolu\u00e7\u00e3o ANTT n\u00ba 5.826\/2018, que autorizou o reajuste de 10,139% no coeficiente tarif\u00e1rio dos servi\u00e7os regulares de do transporte interestadual e internacional de passageiros. O reajuste j\u00e1 est\u00e1 em vigor e n\u00e3o se aplica aos servi\u00e7os semiurbanos de passageiros. A [&hellip;]<\/p>\n","protected":false},"author":96,"featured_media":110158,"comment_status":"closed","ping_status":"closed","sticky":false,"template":"","format":"standard","meta":{"footnotes":""},"categories":[436,261,439],"tags":[],"class_list":["post-110157","post","type-post","status-publish","format-standard","has-post-thumbnail","hentry","category-destaque-da-semana","category-economia","category-ultima-hora"],"_links":{"self":[{"href":"https:\/\/diarioregionaldigital.com.br\/index.php?rest_route=\/wp\/v2\/posts\/110157","targetHints":{"allow":["GET"]}}],"collection":[{"href":"https:\/\/diarioregionaldigital.com.br\/index.php?rest_route=\/wp\/v2\/posts"}],"about":[{"href":"https:\/\/diarioregionaldigital.com.br\/index.php?rest_route=\/wp\/v2\/types\/post"}],"author":[{"embeddable":true,"href":"https:\/\/diarioregionaldigital.com.br\/index.php?rest_route=\/wp\/v2\/users\/96"}],"replies":[{"embeddable":true,"href":"https:\/\/diarioregionaldigital.com.br\/index.php?rest_route=%2Fwp%2Fv2%2Fcomments&post=110157"}],"version-history":[{"count":0,"href":"https:\/\/diarioregionaldigital.com.br\/index.php?rest_route=\/wp\/v2\/posts\/110157\/revisions"}],"wp:featuredmedia":[{"embeddable":true,"href":"https:\/\/diarioregionaldigital.com.br\/index.php?rest_route=\/wp\/v2\/media\/110158"}],"wp:attachment":[{"href":"https:\/\/diarioregionaldigital.com.br\/index.php?rest_route=%2Fwp%2Fv2%2Fmedia&parent=110157"}],"wp:term":[{"taxonomy":"category","embeddable":true,"href":"https:\/\/diarioregionaldigital.com.br\/index.php?rest_route=%2Fwp%2Fv2%2Fcategories&post=110157"},{"taxonomy":"post_tag","embeddable":true,"href":"https:\/\/diarioregionaldigital.com.br\/index.php?rest_route=%2Fwp%2Fv2%2Ftags&post=110157"}],"curies":[{"name":"wp","href":"https:\/\/api.w.org\/{rel}","templated":true}]}}