{"id":110142,"date":"2018-07-03T09:58:21","date_gmt":"2018-07-03T12:58:21","guid":{"rendered":"http:\/\/diarioregionaljf.com.br\/?p=110142"},"modified":"2018-07-03T11:42:39","modified_gmt":"2018-07-03T14:42:39","slug":"mercado-e-invadido-e-furtado-no-centro-da-cidade","status":"publish","type":"post","link":"https:\/\/diarioregionaldigital.com.br\/?p=110142","title":{"rendered":"Mercado \u00e9 invadido e furtado no centro da cidade"},"content":{"rendered":"<p>Um supermercado foi invadido e saqueado na madrugada desta ter\u00e7a-feira, 3, no bairro Santa Helena, regi\u00e3o central da cidade. O estabelecimento fica localizado na Rua Bar\u00e3o de Cataguases.<\/p>\n<p>De acordo com o registro de ocorr\u00eancias da Pol\u00edcia Militar (PM), um vigilante, de 27 anos, que trabalha no local relatou que o alarme do estabelecimento foi acionado e ao realizar a vistoria verificou que o lacre da porta de acesso a sala de m\u00e1quinas estava rompido.<\/p>\n<p>O vigilante ainda teria escutado barulhos no interior do estabelecimento, al\u00e9m de ter visualizado dois indiv\u00edduos correndo pelo p\u00e1tio do local.<\/p>\n<p>Foi constatado no interior do mercado que o teto estava danificado, al\u00e9m de outros danos em alguns materiais. Foram furtadas seis garrafas de u\u00edsque de diversas marcas, uma de licor e uma foi quebrada no interior da loja.<\/p>\n<p>Os autores n\u00e3o foram localizado.<\/p>\n<p>Ap\u00f3s os trabalhos da per\u00edcia o local foi liberado.<\/p>\n","protected":false},"excerpt":{"rendered":"<p>Um supermercado foi invadido e saqueado na madrugada desta ter\u00e7a-feira, 3, no bairro Santa Helena, regi\u00e3o central da cidade. O estabelecimento fica localizado na Rua Bar\u00e3o de Cataguases. De acordo com o registro de ocorr\u00eancias da Pol\u00edcia Militar (PM), um vigilante, de 27 anos, que trabalha no local relatou que o alarme do estabelecimento foi [&hellip;]<\/p>\n","protected":false},"author":96,"featured_media":97342,"comment_status":"closed","ping_status":"closed","sticky":false,"template":"","format":"standard","meta":{"footnotes":""},"categories":[301,439],"tags":[],"class_list":["post-110142","post","type-post","status-publish","format-standard","has-post-thumbnail","hentry","category-artigos-policiais","category-ultima-hora"],"_links":{"self":[{"href":"https:\/\/diarioregionaldigital.com.br\/index.php?rest_route=\/wp\/v2\/posts\/110142","targetHints":{"allow":["GET"]}}],"collection":[{"href":"https:\/\/diarioregionaldigital.com.br\/index.php?rest_route=\/wp\/v2\/posts"}],"about":[{"href":"https:\/\/diarioregionaldigital.com.br\/index.php?rest_route=\/wp\/v2\/types\/post"}],"author":[{"embeddable":true,"href":"https:\/\/diarioregionaldigital.com.br\/index.php?rest_route=\/wp\/v2\/users\/96"}],"replies":[{"embeddable":true,"href":"https:\/\/diarioregionaldigital.com.br\/index.php?rest_route=%2Fwp%2Fv2%2Fcomments&post=110142"}],"version-history":[{"count":0,"href":"https:\/\/diarioregionaldigital.com.br\/index.php?rest_route=\/wp\/v2\/posts\/110142\/revisions"}],"wp:featuredmedia":[{"embeddable":true,"href":"https:\/\/diarioregionaldigital.com.br\/index.php?rest_route=\/wp\/v2\/media\/97342"}],"wp:attachment":[{"href":"https:\/\/diarioregionaldigital.com.br\/index.php?rest_route=%2Fwp%2Fv2%2Fmedia&parent=110142"}],"wp:term":[{"taxonomy":"category","embeddable":true,"href":"https:\/\/diarioregionaldigital.com.br\/index.php?rest_route=%2Fwp%2Fv2%2Fcategories&post=110142"},{"taxonomy":"post_tag","embeddable":true,"href":"https:\/\/diarioregionaldigital.com.br\/index.php?rest_route=%2Fwp%2Fv2%2Ftags&post=110142"}],"curies":[{"name":"wp","href":"https:\/\/api.w.org\/{rel}","templated":true}]}}