{"id":110139,"date":"2018-07-03T09:19:02","date_gmt":"2018-07-03T12:19:02","guid":{"rendered":"http:\/\/diarioregionaljf.com.br\/?p=110139"},"modified":"2018-07-04T10:23:59","modified_gmt":"2018-07-04T13:23:59","slug":"mais-de-300-municipios-no-pais-enfrentam-risco-de-poliomielite-alerta-saude","status":"publish","type":"post","link":"https:\/\/diarioregionaldigital.com.br\/?p=110139","title":{"rendered":"Mais de 300 munic\u00edpios no pa\u00eds enfrentam risco de poliomielite, alerta Sa\u00fade"},"content":{"rendered":"<p>H\u00e1 312 munic\u00edpios no pa\u00eds, especialmente na Bahia, com risco de surto de poliomielite, alertou neste fim de semana o Minist\u00e9rio da Sa\u00fade. H\u00e1 28 anos o Brasil n\u00e3o registra casos da doen\u00e7a. No entanto, o risco de a doen\u00e7a retornar \u00e9 grande por causa da resist\u00eancia de pais e m\u00e3es em vacinarem os filhos. A amea\u00e7a, segundo o minist\u00e9rio, existe em todos os locais com coberturas abaixo de 95%, mas est\u00e1 mais cr\u00edtica nessas 312 localidades.<\/p>\n<p>O Minist\u00e9rio da Sa\u00fade orienta os gestores locais a organizar as redes de preven\u00e7\u00e3o, inclusive com a possibilidade de readequa\u00e7\u00e3o de hor\u00e1rios mais compat\u00edveis com a rotina da popula\u00e7\u00e3o brasileira. A pasta tamb\u00e9m recomenda o refor\u00e7o das parcerias com creches e escolas, ambientes que potencializam a mobiliza\u00e7\u00e3o sobre a vacina por envolverem as fam\u00edlias.<\/p>\n<p><strong>Doen\u00e7a<\/strong><\/p>\n<p>Causada por um v\u00edrus que vive no intestino, o poliov\u00edrus, a poliomelite geralmente atinge crian\u00e7as com menos de 4 anos, mas tamb\u00e9m pode contaminar adultos.<\/p>\n<p>A maior parte das infec\u00e7\u00f5es apresenta poucos sintomas e h\u00e1 semelhan\u00e7as com as infec\u00e7\u00f5es respirat\u00f3rias com febre e dor de garganta, al\u00e9m das gastrointestinais, n\u00e1usea, v\u00f4mito e pris\u00e3o de ventre.<\/p>\n<p>Cerca de 1% dos infectados pelo v\u00edrus pode desenvolver a forma paral\u00edtica da doen\u00e7a, que pode causar sequelas permanentes, insufici\u00eancia respirat\u00f3ria e, em alguns casos, levar \u00e0 morte.<\/p>\n<p><strong>Transmiss\u00e3o e Preven\u00e7\u00e3o<\/strong><\/p>\n<p>A poliomielite n\u00e3o tem tratamento espec\u00edfico. A transmiss\u00e3o pode ocorrer de uma pessoa para outra por meio de saliva e fezes, assim como \u00e1gua e alimentos contaminados.<\/p>\n<p>No entanto, a doen\u00e7a deve ser prevenida por meio da vacina\u00e7\u00e3o. A vacina \u00e9 aplicada nos postos da rede p\u00fablica de sa\u00fade. H\u00e1 ainda as campanhas nacionais.<\/p>\n<p>A vacina contra a poliomielite oral trivalente deve ser administrada aos 2, 4 e 6 meses de vida. O primeiro refor\u00e7o \u00e9 feito aos 15 meses e o outro entre 4 e 6 anos de idade. Tamb\u00e9m \u00e9 necess\u00e1rio vacinar-se em todas as campanhas. A pr\u00f3xima Campanha Nacional de Vacina\u00e7\u00e3o contra a Poliomielite ocorrer\u00e1 de 6 a 31 de agosto.<\/p>\n<p>O Brasil est\u00e1 livre da poliomielite desde 1990. Em 1994, o pa\u00eds recebeu, da Organiza\u00e7\u00e3o Pan-Americana da Sa\u00fade (Opas), a certifica\u00e7\u00e3o de \u00e1rea livre de circula\u00e7\u00e3o do poliov\u00edrus selvagem.<\/p>\n<p>Fonte: Ag\u00eancia Brasil<\/p>\n","protected":false},"excerpt":{"rendered":"<p>H\u00e1 312 munic\u00edpios no pa\u00eds, especialmente na Bahia, com risco de surto de poliomielite, alertou neste fim de semana o Minist\u00e9rio da Sa\u00fade. H\u00e1 28 anos o Brasil n\u00e3o registra casos da doen\u00e7a. No entanto, o risco de a doen\u00e7a retornar \u00e9 grande por causa da resist\u00eancia de pais e m\u00e3es em vacinarem os filhos. [&hellip;]<\/p>\n","protected":false},"author":96,"featured_media":110140,"comment_status":"closed","ping_status":"closed","sticky":false,"template":"","format":"standard","meta":{"footnotes":""},"categories":[302,436,440,439],"tags":[],"class_list":["post-110139","post","type-post","status-publish","format-standard","has-post-thumbnail","hentry","category-brasil-mundo","category-destaque-da-semana","category-destaques-do-dia","category-ultima-hora"],"_links":{"self":[{"href":"https:\/\/diarioregionaldigital.com.br\/index.php?rest_route=\/wp\/v2\/posts\/110139","targetHints":{"allow":["GET"]}}],"collection":[{"href":"https:\/\/diarioregionaldigital.com.br\/index.php?rest_route=\/wp\/v2\/posts"}],"about":[{"href":"https:\/\/diarioregionaldigital.com.br\/index.php?rest_route=\/wp\/v2\/types\/post"}],"author":[{"embeddable":true,"href":"https:\/\/diarioregionaldigital.com.br\/index.php?rest_route=\/wp\/v2\/users\/96"}],"replies":[{"embeddable":true,"href":"https:\/\/diarioregionaldigital.com.br\/index.php?rest_route=%2Fwp%2Fv2%2Fcomments&post=110139"}],"version-history":[{"count":0,"href":"https:\/\/diarioregionaldigital.com.br\/index.php?rest_route=\/wp\/v2\/posts\/110139\/revisions"}],"wp:featuredmedia":[{"embeddable":true,"href":"https:\/\/diarioregionaldigital.com.br\/index.php?rest_route=\/wp\/v2\/media\/110140"}],"wp:attachment":[{"href":"https:\/\/diarioregionaldigital.com.br\/index.php?rest_route=%2Fwp%2Fv2%2Fmedia&parent=110139"}],"wp:term":[{"taxonomy":"category","embeddable":true,"href":"https:\/\/diarioregionaldigital.com.br\/index.php?rest_route=%2Fwp%2Fv2%2Fcategories&post=110139"},{"taxonomy":"post_tag","embeddable":true,"href":"https:\/\/diarioregionaldigital.com.br\/index.php?rest_route=%2Fwp%2Fv2%2Ftags&post=110139"}],"curies":[{"name":"wp","href":"https:\/\/api.w.org\/{rel}","templated":true}]}}