{"id":110136,"date":"2018-07-03T09:04:39","date_gmt":"2018-07-03T12:04:39","guid":{"rendered":"http:\/\/diarioregionaljf.com.br\/?p=110136"},"modified":"2018-07-03T11:42:50","modified_gmt":"2018-07-03T14:42:50","slug":"motorista-sofre-tentativa-de-assalto-ao-estacionar-veiculo-no-centro","status":"publish","type":"post","link":"https:\/\/diarioregionaldigital.com.br\/?p=110136","title":{"rendered":"Motorista sofre tentativa de assalto ao estacionar ve\u00edculo no centro"},"content":{"rendered":"<p>Um homem de 55 anos foi assaltado ao estacionar seu ve\u00edculo no centro da cidade, na tarde dessa segunda-feira, 2.<\/p>\n<p>De acordo com o registro de ocorr\u00eancias da Pol\u00edcia Militar (PM), o motorista estacionava seu carro na Rua Fonseca Hermes, quando foi abordado por um indiv\u00edduo, de 27 anos, armado com uma faca, que anunciou o assalto e tentou roubar dinheiro da v\u00edtima.<\/p>\n<p>Eles entraram em luta corporal e o autor fugiu em sentido ignorado.<\/p>\n<p>A PM foi acionada e durante as buscas pelo autor, o mesmo foi localizado na Pra\u00e7a da Esta\u00e7\u00e3o. A arma utilizada no crime foi encontrada e o flagrante foi ratificado pelos policiais. O autor foi preso e encaminhado \u00e0 delegacia.<\/p>\n","protected":false},"excerpt":{"rendered":"<p>Um homem de 55 anos foi assaltado ao estacionar seu ve\u00edculo no centro da cidade, na tarde dessa segunda-feira, 2. De acordo com o registro de ocorr\u00eancias da Pol\u00edcia Militar (PM), o motorista estacionava seu carro na Rua Fonseca Hermes, quando foi abordado por um indiv\u00edduo, de 27 anos, armado com uma faca, que anunciou [&hellip;]<\/p>\n","protected":false},"author":96,"featured_media":97342,"comment_status":"closed","ping_status":"closed","sticky":false,"template":"","format":"standard","meta":{"footnotes":""},"categories":[301,439],"tags":[],"class_list":["post-110136","post","type-post","status-publish","format-standard","has-post-thumbnail","hentry","category-artigos-policiais","category-ultima-hora"],"_links":{"self":[{"href":"https:\/\/diarioregionaldigital.com.br\/index.php?rest_route=\/wp\/v2\/posts\/110136","targetHints":{"allow":["GET"]}}],"collection":[{"href":"https:\/\/diarioregionaldigital.com.br\/index.php?rest_route=\/wp\/v2\/posts"}],"about":[{"href":"https:\/\/diarioregionaldigital.com.br\/index.php?rest_route=\/wp\/v2\/types\/post"}],"author":[{"embeddable":true,"href":"https:\/\/diarioregionaldigital.com.br\/index.php?rest_route=\/wp\/v2\/users\/96"}],"replies":[{"embeddable":true,"href":"https:\/\/diarioregionaldigital.com.br\/index.php?rest_route=%2Fwp%2Fv2%2Fcomments&post=110136"}],"version-history":[{"count":0,"href":"https:\/\/diarioregionaldigital.com.br\/index.php?rest_route=\/wp\/v2\/posts\/110136\/revisions"}],"wp:featuredmedia":[{"embeddable":true,"href":"https:\/\/diarioregionaldigital.com.br\/index.php?rest_route=\/wp\/v2\/media\/97342"}],"wp:attachment":[{"href":"https:\/\/diarioregionaldigital.com.br\/index.php?rest_route=%2Fwp%2Fv2%2Fmedia&parent=110136"}],"wp:term":[{"taxonomy":"category","embeddable":true,"href":"https:\/\/diarioregionaldigital.com.br\/index.php?rest_route=%2Fwp%2Fv2%2Fcategories&post=110136"},{"taxonomy":"post_tag","embeddable":true,"href":"https:\/\/diarioregionaldigital.com.br\/index.php?rest_route=%2Fwp%2Fv2%2Ftags&post=110136"}],"curies":[{"name":"wp","href":"https:\/\/api.w.org\/{rel}","templated":true}]}}