{"id":110116,"date":"2018-07-03T06:00:30","date_gmt":"2018-07-03T09:00:30","guid":{"rendered":"http:\/\/diarioregionaljf.com.br\/?p=110116"},"modified":"2018-08-09T19:31:02","modified_gmt":"2018-08-09T22:31:02","slug":"o-consciente-e-o-inconsciente-2","status":"publish","type":"post","link":"https:\/\/diarioregionaldigital.com.br\/?p=110116","title":{"rendered":"O Consciente e o Inconsciente"},"content":{"rendered":"<p style=\"text-align: center;\"><strong>O Consciente e o Inconsciente<\/strong><\/p>\n<p style=\"text-align: center;\">A influ\u00eancia que o inconsciente recebe do consciente fica muito n\u00edtida em certos fen\u00f4menos \u2013 a secre\u00e7\u00e3o salivar involunt\u00e1ria na pessoa que v\u00ea ou imagina lim\u00e3o e outras subst\u00e2ncias azedas, as l\u00e1grimas que afluem nos olhos quando assistimos a cenas comoventes no cinema ou no teatro, etc. A impress\u00e3o trazida pelo consciente perturba em maior ou menor grau o funcionamento filos\u00f3fico do organismo, que o inconsciente costuma sustentar sempre com grande discri\u00e7\u00e3o. Portanto, \u00e9 muito importante que o consciente escolha, cuidadosamente, suas impress\u00f5es do mundo exterior, preferindo sempre as boas impress\u00f5es e excluindo aquelas que possam transtornar o inconsciente. \u00c9 para isso que o consciente possui esp\u00edrito cr\u00edtico.<br \/>\nEle analisa a racionalidade ou a irracionalidade das impress\u00f5es, aceitando somente as primeiras. Entretanto, o consciente \u00e9 por demais dependente das impress\u00f5es sensoriais, e aceita como se fossem reais as sensa\u00e7\u00f5es de doen\u00e7a transmitidas pelos cinco \u00f3rg\u00e3os quando, na verdade, a doen\u00e7a n\u00e3o existe. Neste caso, o consciente semeia a causa mental da doen\u00e7a.<\/p>\n<p style=\"text-align: center;\"><strong>O consciente faz o papel de marido <\/strong><\/p>\n<p style=\"text-align: center;\">O inconsciente universal aloja-se em cada homem dando origem ao inconsciente individual. Ambos mant\u00eam, sempre, contato entre si. O inconsciente \u00e9 sombra \u00e9 in (negativo) e faz o papel de esposa. O consciente exerce atividade exterior, \u00e9 positivo, \u00e9 yo e, como um marido, carrega para o interior tudo que obt\u00e9m em forma de impress\u00f5es. O papel do inconsciente, como esposa, \u00e9 trabalhar as impress\u00f5es recebidas e oferecer o produto ao consciente, como se oferece um almo\u00e7o. Nem sempre o consciente \u00e9 claro ao exigir determinado produto ao inconsciente, mas, como boa esposa, este &#8220;adivinha&#8221; o desejo do marido. Quando ele quer folgar no trabalho, arranja-lhe imediatamente uma &#8220;doen\u00e7a&#8221;, tal como uma boa esposa que providencia pijama e chinelo logo que o marido demonstra sinal de sono.<\/p>\n<p style=\"text-align: center;\"><strong>\u00c9 preciso conhecer a lei mental<\/strong><\/p>\n<p style=\"text-align: center;\">Assim como o inconsciente do indiv\u00edduo fabrica doen\u00e7as atendendo a sugest\u00f5es enviadas pelo consciente, o inconsciente do Universo tamb\u00e9m atende sugest\u00f5es enviadas pelo consciente do indiv\u00edduo e materializa-as no mundo fenom\u00eanico. O inconsciente do Universo n\u00e3o \u00e9 um senhor tir\u00e2nico que despacha infelicidades para o indiv\u00edduo, ignorando seus desejos. Ele desempenha papel muito mais semelhante ao de uma esposa diligente, tornando os movimentos do Universo favor\u00e1veis para que se concretizem os desejos mentalizados pelo consciente.<\/p>\n","protected":false},"excerpt":{"rendered":"<p>O Consciente e o Inconsciente A influ\u00eancia que o inconsciente recebe do consciente fica muito n\u00edtida em certos fen\u00f4menos \u2013 a secre\u00e7\u00e3o salivar involunt\u00e1ria na pessoa que v\u00ea ou imagina lim\u00e3o e outras subst\u00e2ncias azedas, as l\u00e1grimas que afluem nos olhos quando assistimos a cenas comoventes no cinema ou no teatro, etc. A impress\u00e3o trazida [&hellip;]<\/p>\n","protected":false},"author":96,"featured_media":0,"comment_status":"closed","ping_status":"closed","sticky":false,"template":"","format":"standard","meta":{"footnotes":""},"categories":[263],"tags":[],"class_list":["post-110116","post","type-post","status-publish","format-standard","hentry","category-jane-aragao"],"_links":{"self":[{"href":"https:\/\/diarioregionaldigital.com.br\/index.php?rest_route=\/wp\/v2\/posts\/110116","targetHints":{"allow":["GET"]}}],"collection":[{"href":"https:\/\/diarioregionaldigital.com.br\/index.php?rest_route=\/wp\/v2\/posts"}],"about":[{"href":"https:\/\/diarioregionaldigital.com.br\/index.php?rest_route=\/wp\/v2\/types\/post"}],"author":[{"embeddable":true,"href":"https:\/\/diarioregionaldigital.com.br\/index.php?rest_route=\/wp\/v2\/users\/96"}],"replies":[{"embeddable":true,"href":"https:\/\/diarioregionaldigital.com.br\/index.php?rest_route=%2Fwp%2Fv2%2Fcomments&post=110116"}],"version-history":[{"count":0,"href":"https:\/\/diarioregionaldigital.com.br\/index.php?rest_route=\/wp\/v2\/posts\/110116\/revisions"}],"wp:attachment":[{"href":"https:\/\/diarioregionaldigital.com.br\/index.php?rest_route=%2Fwp%2Fv2%2Fmedia&parent=110116"}],"wp:term":[{"taxonomy":"category","embeddable":true,"href":"https:\/\/diarioregionaldigital.com.br\/index.php?rest_route=%2Fwp%2Fv2%2Fcategories&post=110116"},{"taxonomy":"post_tag","embeddable":true,"href":"https:\/\/diarioregionaldigital.com.br\/index.php?rest_route=%2Fwp%2Fv2%2Ftags&post=110116"}],"curies":[{"name":"wp","href":"https:\/\/api.w.org\/{rel}","templated":true}]}}