{"id":110087,"date":"2018-07-03T06:00:36","date_gmt":"2018-07-03T09:00:36","guid":{"rendered":"http:\/\/diarioregionaljf.com.br\/?p=110087"},"modified":"2018-08-13T20:25:51","modified_gmt":"2018-08-13T23:25:51","slug":"edital-de-convocacao-sind-ind-grafica-juiz-de-fora-03-07-18","status":"publish","type":"post","link":"https:\/\/diarioregionaldigital.com.br\/?p=110087","title":{"rendered":"Edital de Convoca\u00e7\u00e3o &#8211; Sind.Ind.Gr\u00e1fica Juiz De Fora 03\/07\/18"},"content":{"rendered":"<p style=\"text-align: center;\"><strong>SINDICATO DAS IND\u00daSTRIAS GR\u00c1FICAS DE JUIZ DE FORA<\/strong><\/p>\n<p style=\"text-align: center;\"><strong>E D I T A L<\/strong><\/p>\n<p style=\"text-align: center;\"><strong>ASSEMBL\u00c9IA GERAL EXTRAORDIN\u00c1RIA<\/strong><\/p>\n<p style=\"text-align: center;\">Pelo Presente Edital Ficam Convocados Os Senhores Associados Deste Sindicato Para A Assembl\u00e9ia Geral Extraordin\u00e1ria A Realizar-Se No Pr\u00f3ximo Dia 29de Junho De 2018(Sexta-Feira), Em Primeira Convoca\u00e7\u00e3o \u00c0s 18:30 Horas Com Metade Mais Um Dos Associados Presentes E, Em Segunda Convoca\u00e7\u00e3o \u00c0s 19:00 Horas, Com Qualquer N\u00famero, Na Sede Do Centro Industrial De\u00a0 Juiz De Fora, Av. Bar\u00e3o Do Rio Branco, N\u00ba 2337 13\u00aa Andar \u2013 Bairro Centro, Com A Seguinte Ordem Do Dia:<\/p>\n<p style=\"text-align: center;\">\u00a0\u00a0\u00a0\u00a0\u00a0\u00a0 &#8211; Forma\u00e7\u00e3o Da Comiss\u00e3o De Negocia\u00e7\u00e3o Coletiva;<\/p>\n<p style=\"text-align: center;\">\u00a0\u00a0\u00a0\u00a0\u00a0\u00a0 &#8211; Aprecia\u00e7\u00e3o Da Pauta De Reivindica\u00e7\u00f5es Apresentada Pela Entidade Sindical Representativa Da Categoria Profissional, Com Vistas Ao In\u00edcio Da Negocia\u00e7\u00e3o Coletiva Conducente \u00c0 Celebra\u00e7\u00e3o Da Conven\u00e7\u00e3o Coletiva De Trabalho 2018\/2019;<\/p>\n<p style=\"text-align: center;\">\u00a0\u00a0\u00a0\u00a0\u00a0\u00a0 &#8211; Autorizar Ou N\u00e3o O Presidente A Assinar A Conven\u00e7\u00e3o Coletiva De Trabalho;<\/p>\n<p style=\"text-align: center;\">Juiz De Fora, 27 De Junho De 2018.<\/p>\n<p style=\"text-align: center;\"><strong>S\u00c9RGIO AUGUSTO P\u00cdCOLI<\/strong><\/p>\n<p style=\"text-align: center;\"><strong>PRESIDENTE<\/strong><\/p>\n","protected":false},"excerpt":{"rendered":"<p>SINDICATO DAS IND\u00daSTRIAS GR\u00c1FICAS DE JUIZ DE FORA E D I T A L ASSEMBL\u00c9IA GERAL EXTRAORDIN\u00c1RIA Pelo Presente Edital Ficam Convocados Os Senhores Associados Deste Sindicato Para A Assembl\u00e9ia Geral Extraordin\u00e1ria A Realizar-Se No Pr\u00f3ximo Dia 29de Junho De 2018(Sexta-Feira), Em Primeira Convoca\u00e7\u00e3o \u00c0s 18:30 Horas Com Metade Mais Um Dos Associados Presentes E, [&hellip;]<\/p>\n","protected":false},"author":96,"featured_media":0,"comment_status":"closed","ping_status":"closed","sticky":false,"template":"","format":"standard","meta":{"footnotes":""},"categories":[307],"tags":[],"class_list":["post-110087","post","type-post","status-publish","format-standard","hentry","category-editais"],"_links":{"self":[{"href":"https:\/\/diarioregionaldigital.com.br\/index.php?rest_route=\/wp\/v2\/posts\/110087","targetHints":{"allow":["GET"]}}],"collection":[{"href":"https:\/\/diarioregionaldigital.com.br\/index.php?rest_route=\/wp\/v2\/posts"}],"about":[{"href":"https:\/\/diarioregionaldigital.com.br\/index.php?rest_route=\/wp\/v2\/types\/post"}],"author":[{"embeddable":true,"href":"https:\/\/diarioregionaldigital.com.br\/index.php?rest_route=\/wp\/v2\/users\/96"}],"replies":[{"embeddable":true,"href":"https:\/\/diarioregionaldigital.com.br\/index.php?rest_route=%2Fwp%2Fv2%2Fcomments&post=110087"}],"version-history":[{"count":0,"href":"https:\/\/diarioregionaldigital.com.br\/index.php?rest_route=\/wp\/v2\/posts\/110087\/revisions"}],"wp:attachment":[{"href":"https:\/\/diarioregionaldigital.com.br\/index.php?rest_route=%2Fwp%2Fv2%2Fmedia&parent=110087"}],"wp:term":[{"taxonomy":"category","embeddable":true,"href":"https:\/\/diarioregionaldigital.com.br\/index.php?rest_route=%2Fwp%2Fv2%2Fcategories&post=110087"},{"taxonomy":"post_tag","embeddable":true,"href":"https:\/\/diarioregionaldigital.com.br\/index.php?rest_route=%2Fwp%2Fv2%2Ftags&post=110087"}],"curies":[{"name":"wp","href":"https:\/\/api.w.org\/{rel}","templated":true}]}}