{"id":110086,"date":"2018-07-02T18:37:16","date_gmt":"2018-07-02T21:37:16","guid":{"rendered":"http:\/\/diarioregionaljf.com.br\/?p=110086"},"modified":"2018-07-02T18:37:16","modified_gmt":"2018-07-02T21:37:16","slug":"surto-de-sarampo-no-amazonas-reforca-importancia-de-vacinacao","status":"publish","type":"post","link":"https:\/\/diarioregionaldigital.com.br\/?p=110086","title":{"rendered":"Surto de sarampo no Amazonas refor\u00e7a import\u00e2ncia de vacina\u00e7\u00e3o"},"content":{"rendered":"<p>Com o surto de sarampo no estado do Amazonas, o Minist\u00e9rio da Sa\u00fade refor\u00e7a a import\u00e2ncia da popula\u00e7\u00e3o se vacinar contra a doen\u00e7a. O n\u00famero de casos no estado ultrapassou, pela primeira vez, Roraima, que tem registrado casos da doen\u00e7a desde fevereiro deste ano em virtude da entrada de venezuelanos no estado. At\u00e9 o dia 20 de junho, foram confirmados 263 casos de sarampo no Amazonas, 1.368 permanecem em investiga\u00e7\u00e3o e 125 foram descartados. No total, s\u00e3o 1.756 notifica\u00e7\u00f5es no estado, sendo 82,1% (1.441) destes em Manaus.<\/p>\n<p>De janeiro a junho deste ano, a pasta encaminhou aos estados de Roraima e Amazonas o quantitativo de 711,4 mil doses da vacina tr\u00edplice viral (sarampo, caxumba e rub\u00e9ola) para atender a demanda dos servi\u00e7os de rotina e a realiza\u00e7\u00e3o de campanhas, a\u00e7\u00f5es de controle da doen\u00e7a e preven\u00e7\u00e3o de novos casos nesses estados. Desse total, 487,4 mil doses foram para o Amazonas e 224 mil para Roraima.<\/p>\n<div>De 14 a 27 de abril deste ano, o munic\u00edpio de Manaus, com o apoio do Minist\u00e9rio da Sa\u00fade, antecipou a campanha contra o sarampo, prevista para agosto. O dia de mobiliza\u00e7\u00e3o desta a\u00e7\u00e3o foi realizado dia 14 de abril, para a vacina\u00e7\u00e3o de crian\u00e7as de seis meses a cinco anos de idade e continua na rotina das unidades de sa\u00fade. Al\u00e9m de evitar novos casos da doen\u00e7a, a estrat\u00e9gia governamental quer impedir que o v\u00edrus volte a circular de forma sustentada no Brasil. Segundo informa\u00e7\u00f5es repassadas pelo estado ao Minist\u00e9rio da Sa\u00fade, at\u00e9 o dia 18 de junho, foram vacinadas 155.510 crian\u00e7as, alcan\u00e7ando uma cobertura de 81,2% do p\u00fablico-alvo composto por 191.585 pessoas.<\/div>\n<p>O estado de Roraima tamb\u00e9m realizou campanha no per\u00edodo de mar\u00e7o a abril em todo o estado (15 munic\u00edpios). Nessa a\u00e7\u00e3o, foi avaliada a situa\u00e7\u00e3o vacinal de 189.154 pessoas, sendo administradas 112.971 doses de vacina tr\u00edplice viral em brasileiros, venezuelanos e pessoas de outras nacionalidades. O estado de Roraima confirmou 200 casos da doen\u00e7a, 177 continuam em investiga\u00e7\u00e3o e 35 foram descartados, totalizando 412 casos notificados. Dois casos de sarampo no estado evolu\u00edram para \u00f3bito associado a comorbidades. Todos esses dados s\u00e3o preliminares e est\u00e3o sujeitos a altera\u00e7\u00f5es.<\/p>\n<h5><strong>A\u00e7\u00f5es contra o sarampo<\/strong><\/h5>\n<div>Desde fevereiro, o Minist\u00e9rio Sa\u00fade tem mantido equipes t\u00e9cnicas e treinadas nos estados do Amazonas e Roraima para acompanhar as a\u00e7\u00f5es e prestar orienta\u00e7\u00e3o no enfrentamento da situa\u00e7\u00e3o. A pasta tem realizado treinamentos para profissionais de sa\u00fade sobre aspectos gerais da doen\u00e7a e a\u00e7\u00f5es de vigil\u00e2ncia epidemiol\u00f3gica.\u00a0O objetivo \u00e9 tornar os profissionais de sa\u00fade, que atuam na rede de sa\u00fade dos estados, sens\u00edveis sobre os sinais e sintomas que definem um caso suspeito de sarampo.<\/div>\n<p><span style=\"color: #333333;\">Al\u00e9m disso, o Minist\u00e9rio da Sa\u00fade apoiou os gestores locais dos dois estados na revis\u00e3o de prontu\u00e1rios e fichas de atendimento, com o intuito de encontrar casos de sarampo que n\u00e3o tenham sido identificados oportunamente. Tamb\u00e9m foi realizada intensifica\u00e7\u00e3o vacinal nos estrangeiros presentes no posto da Pol\u00edcia Federal, em Roraima.<\/span><\/p>\n<div>Foi elaborado, ainda, um plano de fortalecimento da vigil\u00e2ncia epidemiol\u00f3gica do sarampo no estado do Amazonas, considerando eixos priorit\u00e1rios de atua\u00e7\u00e3o: munic\u00edpios com mais de 75 mil habitantes, Regi\u00e3o Metropolitana de Manaus, Munic\u00edpios Sede de DSEI, Munic\u00edpios de fronteira com outros pa\u00edses, Munic\u00edpios Polo e Comunica\u00e7\u00e3o. Para o enfrentamento da situa\u00e7\u00e3o do sarampo no estado do Amazonas, est\u00e3o em andamento o bloqueio vacinal, a varredura (vacina\u00e7\u00e3o casa a casa), a intensifica\u00e7\u00e3o vacinal, assim como estrat\u00e9gias de isolamento de casos suspeitos\/confirmados durante o per\u00edodo de transmissibilidade.<\/div>\n<p><span style=\"color: #333333;\">Entre 2013 e 2015, ocorreram surtos decorrentes de pacientes vindos de outros pa\u00edses, sendo registrados neste per\u00edodo 1.310 casos da doen\u00e7a. O maior n\u00famero de casos foi registrado nos estados de Pernambuco e Cear\u00e1. Em 2016, o Brasil recebeu da Organiza\u00e7\u00e3o Pan-Americana da Sa\u00fade o certificado de elimina\u00e7\u00e3o da circula\u00e7\u00e3o do v\u00edrus do sarampo, e atualmente empreende esfor\u00e7os para manter o certificado principalmente por meio do fortalecimento da vigil\u00e2ncia epidemiol\u00f3gica, da rede laboratorial e de estrat\u00e9gias de imuniza\u00e7\u00e3o.<\/span><\/p>\n<p>&nbsp;<\/p>\n<p>Fonte: Minist\u00e9rio da Sa\u00fade<\/p>\n","protected":false},"excerpt":{"rendered":"<p>Com o surto de sarampo no estado do Amazonas, o Minist\u00e9rio da Sa\u00fade refor\u00e7a a import\u00e2ncia da popula\u00e7\u00e3o se vacinar contra a doen\u00e7a. O n\u00famero de casos no estado ultrapassou, pela primeira vez, Roraima, que tem registrado casos da doen\u00e7a desde fevereiro deste ano em virtude da entrada de venezuelanos no estado. At\u00e9 o dia [&hellip;]<\/p>\n","protected":false},"author":96,"featured_media":110108,"comment_status":"closed","ping_status":"closed","sticky":false,"template":"","format":"standard","meta":{"footnotes":""},"categories":[302,436],"tags":[],"class_list":["post-110086","post","type-post","status-publish","format-standard","has-post-thumbnail","hentry","category-brasil-mundo","category-destaque-da-semana"],"_links":{"self":[{"href":"https:\/\/diarioregionaldigital.com.br\/index.php?rest_route=\/wp\/v2\/posts\/110086","targetHints":{"allow":["GET"]}}],"collection":[{"href":"https:\/\/diarioregionaldigital.com.br\/index.php?rest_route=\/wp\/v2\/posts"}],"about":[{"href":"https:\/\/diarioregionaldigital.com.br\/index.php?rest_route=\/wp\/v2\/types\/post"}],"author":[{"embeddable":true,"href":"https:\/\/diarioregionaldigital.com.br\/index.php?rest_route=\/wp\/v2\/users\/96"}],"replies":[{"embeddable":true,"href":"https:\/\/diarioregionaldigital.com.br\/index.php?rest_route=%2Fwp%2Fv2%2Fcomments&post=110086"}],"version-history":[{"count":0,"href":"https:\/\/diarioregionaldigital.com.br\/index.php?rest_route=\/wp\/v2\/posts\/110086\/revisions"}],"wp:featuredmedia":[{"embeddable":true,"href":"https:\/\/diarioregionaldigital.com.br\/index.php?rest_route=\/wp\/v2\/media\/110108"}],"wp:attachment":[{"href":"https:\/\/diarioregionaldigital.com.br\/index.php?rest_route=%2Fwp%2Fv2%2Fmedia&parent=110086"}],"wp:term":[{"taxonomy":"category","embeddable":true,"href":"https:\/\/diarioregionaldigital.com.br\/index.php?rest_route=%2Fwp%2Fv2%2Fcategories&post=110086"},{"taxonomy":"post_tag","embeddable":true,"href":"https:\/\/diarioregionaldigital.com.br\/index.php?rest_route=%2Fwp%2Fv2%2Ftags&post=110086"}],"curies":[{"name":"wp","href":"https:\/\/api.w.org\/{rel}","templated":true}]}}