{"id":110082,"date":"2018-07-02T18:12:17","date_gmt":"2018-07-02T21:12:17","guid":{"rendered":"http:\/\/diarioregionaljf.com.br\/?p=110082"},"modified":"2018-07-02T18:12:17","modified_gmt":"2018-07-02T21:12:17","slug":"projeto-classifica-como-abusiva-a-pratica-de-substituir-o-troco-por-balas","status":"publish","type":"post","link":"https:\/\/diarioregionaldigital.com.br\/?p=110082","title":{"rendered":"Projeto classifica como abusiva a pr\u00e1tica de substituir o troco por balas"},"content":{"rendered":"<p><span style=\"color: #333333;\">Tramita na C\u00e2mara dos Deputados o Projeto de Lei 9148\/17, do deputado Chico Lopes (PCdoB-CE), que classifica como abusiva a pr\u00e1tica de n\u00e3o fornecer troco para o consumidor ou substituir este por outro produto, sem a concord\u00e2ncia expressa do comprador. Segundo a proposta, quando n\u00e3o for poss\u00edvel para o fornecedor devolver o troco, o pre\u00e7o dever\u00e1 ser arredondado para baixo a fim de facilitar a transa\u00e7\u00e3o.<\/span><\/p>\n<p><span style=\"color: #333333;\">A proposta acrescenta a previs\u00e3o ao C\u00f3digo de Defesa do Consumidor (Lei\u00a08.078\/90).<\/span><\/p>\n<p><span style=\"color: #333333;\">Por um lado, Chico Lopes argumenta que a pr\u00e1tica de n\u00e3o fornecer o troco leva ao enriquecimento sem causa do fornecedor. \u201cOs centavos deixados nos estabelecimentos, por n\u00e3o integrarem o valor registrado do pre\u00e7o, n\u00e3o s\u00e3o computados a fim de apurar o tributo da atividade econ\u00f4mica\u201d, aponta. Isso ocorre, acrescenta, nos casos de pre\u00e7os fixados na fra\u00e7\u00e3o de R$ 0,99, como R$ 1,99 ou R$ 49,99.<\/span><\/p>\n<p><span style=\"color: #333333;\">No caso da substitui\u00e7\u00e3o do troco por outro produto, como chicletes ou balas, ocorre a venda casada, sendo o consumidor obrigado a comprar algo que n\u00e3o deseja.<\/span><\/p>\n<p><span style=\"color: #333333;\"><strong>\u00a0<\/strong><strong>Tramita\u00e7\u00e3o<\/strong><\/span><\/p>\n<p><span style=\"color: #333333;\">O projeto tramita em\u00a0car\u00e1ter conclusivo\u00a0e ser\u00e1 analisado pelas comiss\u00f5es de Desenvolvimento Econ\u00f4mico, Ind\u00fastria, Com\u00e9rcio e Servi\u00e7os; de Defesa do Consumidor; e de Constitui\u00e7\u00e3o e Justi\u00e7a e de Cidadania.<\/span><\/p>\n<p>&nbsp;<\/p>\n<p><span style=\"color: #333333;\">Fonte:\u00a0Ag\u00eancia C\u00e2mara Not\u00edcias<\/span><\/p>\n","protected":false},"excerpt":{"rendered":"<p>Tramita na C\u00e2mara dos Deputados o Projeto de Lei 9148\/17, do deputado Chico Lopes (PCdoB-CE), que classifica como abusiva a pr\u00e1tica de n\u00e3o fornecer troco para o consumidor ou substituir este por outro produto, sem a concord\u00e2ncia expressa do comprador. Segundo a proposta, quando n\u00e3o for poss\u00edvel para o fornecedor devolver o troco, o pre\u00e7o [&hellip;]<\/p>\n","protected":false},"author":96,"featured_media":110083,"comment_status":"closed","ping_status":"closed","sticky":false,"template":"","format":"standard","meta":{"footnotes":""},"categories":[254,439],"tags":[],"class_list":["post-110082","post","type-post","status-publish","format-standard","has-post-thumbnail","hentry","category-politica","category-ultima-hora"],"_links":{"self":[{"href":"https:\/\/diarioregionaldigital.com.br\/index.php?rest_route=\/wp\/v2\/posts\/110082","targetHints":{"allow":["GET"]}}],"collection":[{"href":"https:\/\/diarioregionaldigital.com.br\/index.php?rest_route=\/wp\/v2\/posts"}],"about":[{"href":"https:\/\/diarioregionaldigital.com.br\/index.php?rest_route=\/wp\/v2\/types\/post"}],"author":[{"embeddable":true,"href":"https:\/\/diarioregionaldigital.com.br\/index.php?rest_route=\/wp\/v2\/users\/96"}],"replies":[{"embeddable":true,"href":"https:\/\/diarioregionaldigital.com.br\/index.php?rest_route=%2Fwp%2Fv2%2Fcomments&post=110082"}],"version-history":[{"count":0,"href":"https:\/\/diarioregionaldigital.com.br\/index.php?rest_route=\/wp\/v2\/posts\/110082\/revisions"}],"wp:featuredmedia":[{"embeddable":true,"href":"https:\/\/diarioregionaldigital.com.br\/index.php?rest_route=\/wp\/v2\/media\/110083"}],"wp:attachment":[{"href":"https:\/\/diarioregionaldigital.com.br\/index.php?rest_route=%2Fwp%2Fv2%2Fmedia&parent=110082"}],"wp:term":[{"taxonomy":"category","embeddable":true,"href":"https:\/\/diarioregionaldigital.com.br\/index.php?rest_route=%2Fwp%2Fv2%2Fcategories&post=110082"},{"taxonomy":"post_tag","embeddable":true,"href":"https:\/\/diarioregionaldigital.com.br\/index.php?rest_route=%2Fwp%2Fv2%2Ftags&post=110082"}],"curies":[{"name":"wp","href":"https:\/\/api.w.org\/{rel}","templated":true}]}}