{"id":110081,"date":"2018-07-02T19:30:48","date_gmt":"2018-07-02T22:30:48","guid":{"rendered":"http:\/\/diarioregionaljf.com.br\/?p=110081"},"modified":"2018-07-02T19:28:17","modified_gmt":"2018-07-02T22:28:17","slug":"junina-do-sindiclubes","status":"publish","type":"post","link":"https:\/\/diarioregionaldigital.com.br\/?p=110081","title":{"rendered":"Junina do Sindiclubes"},"content":{"rendered":"<p style=\"text-align: center;\"><strong>Exterior<\/strong><\/p>\n<p style=\"text-align: center;\">Nos \u00faltimos dias, ex-diplomatas, empres\u00e1rios e pesquisadores atuaram como porta-vozes informais de setores acad\u00eamicos dos Estados Unidos que veem o Judici\u00e1rio brasileiro como fonte de instabilidade institucional. Esses acad\u00eamicos questionam a demora da Justi\u00e7a em dar uma resposta definitiva sobre a situa\u00e7\u00e3o do ex-presidente Lula, deixando o processo eleitoral em suspense. H\u00e1 uma avalia\u00e7\u00e3o externa que Lula parece estar sob cust\u00f3dia, e n\u00e3o cumprindo pena, tirando proveito pol\u00edtico da priva\u00e7\u00e3o de liberdade.<\/p>\n<p style=\"text-align: center;\"><strong>Cidadania<\/strong><\/p>\n<p style=\"text-align: center;\">Foi lan\u00e7ado na Casa da Mulher, no Jardim Gl\u00f3ria, um projeto que busca inserir v\u00edtimas de viol\u00eancia contra a mulher no mercado de trabalho. O Projeto Porta da Cidadania \u00e9 fruto de parceria com a Secretaria de Desenvolvimento Econ\u00f4mico, Trabalho e Turismo (Sedettur), Procon, Sebrae e Senac. O evento marcou os cinco anos da institui\u00e7\u00e3o de acolhimento municipal, comemorado em maio.<\/p>\n<p style=\"text-align: center;\"><strong>Fal\u00eancia<\/strong><\/p>\n<p style=\"text-align: center;\">A empresa SND Distribui\u00e7\u00e3o de Produtos de Inform\u00e1tica pediu a fal\u00eancia da Livraria Saraiva. A solicita\u00e7\u00e3o foi protocolada na 1\u00aa Vara da Comarca de Cajamar, na Grande S\u00e3o Paulo, e afirma que a rede de livrarias tem d\u00e9bito de R$ 59,7 mil n\u00e3o pagos. Para a Saraiva, o pedido \u00e9 \u201cdescabido\u201d. Dados do SPC mostram que a Saraiva acumula 312 t\u00edtulos protestados, que totalizam R$ 28,2 milh\u00f5es em d\u00edvidas com fornecedores.<\/p>\n<p style=\"text-align: center;\"><strong>Sem Parar<\/strong><\/p>\n<p style=\"text-align: center;\">Recarregar as energias tamb\u00e9m faz parte do jogo. O Privil\u00e8ge reuniu os rostos mais bonitos da cidade para badalos com direito a assistir os jogos da Copa. Al\u00e9m da cerveja, feijoada e quitutes deliciosos foram servidos. O pique-extra ficou por conta da boa m\u00fasica que convocou os jovens a sa\u00edrem do ch\u00e3o.<\/p>\n<p style=\"text-align: center;\"><strong>Detalhes<\/strong><\/p>\n<p style=\"text-align: center;\">Os empres\u00e1rios M\u00e1rcio Marques e Ricardo Alex Souza est\u00e3o em contagem regressiva para a inaugura\u00e7\u00e3o da 2\u00aa loja M. Marques &#8211; Masculina, no 1\u00ba piso do Braz Shopping. As roupas s\u00e3o pe\u00e7as-chave para eles brilharem nas ruas e pistas de dan\u00e7a. Prefer\u00eancia nacional, a cole\u00e7\u00e3o inverno vem com estilo chique e moderno.<\/p>\n<p style=\"text-align: center;\"><span style=\"font-size: 14pt;\"><strong>Junina do Sindiclubes<\/strong><\/span><\/p>\n<p style=\"text-align: center;\">Em ritmo de anarri\u00ea foi realizado a Festa Junina dos Sindiclubes na Fazenda BCD em Santa B\u00e1rbara do Monte Verde. Os convidados se reuniram em mesas animadas e o forr\u00f3 no terreiro enfeitado com bandeirinhas coloridas teve o tom de Edimar Augusto e Paulinho Tch\u00ea-Tch\u00ea. As fotos registram.<\/p>\n<div id=\"attachment_110061\" style=\"width: 690px\" class=\"wp-caption aligncenter\"><img loading=\"lazy\" decoding=\"async\" aria-describedby=\"caption-attachment-110061\" class=\"wp-image-110061\" src=\"http:\/\/diarioregionaljf.com.br\/wp-content\/uploads\/2018\/07\/fotoa.jpg\" alt=\"\" width=\"680\" height=\"510\" srcset=\"https:\/\/diarioregionaldigital.com.br\/wp-content\/uploads\/2018\/07\/fotoa.jpg 960w, https:\/\/diarioregionaldigital.com.br\/wp-content\/uploads\/2018\/07\/fotoa-300x225.jpg 300w, https:\/\/diarioregionaldigital.com.br\/wp-content\/uploads\/2018\/07\/fotoa-768x576.jpg 768w, https:\/\/diarioregionaldigital.com.br\/wp-content\/uploads\/2018\/07\/fotoa-360x270.jpg 360w\" sizes=\"auto, (max-width: 680px) 100vw, 680px\" \/><p id=\"caption-attachment-110061\" class=\"wp-caption-text\">Fernanda L\u00edlia, o presidente do Sindiclubes Marcelo Barra, o colunista Cesar Romero e V\u00e2nia de Landa<\/p><\/div>\n<div id=\"attachment_110062\" style=\"width: 690px\" class=\"wp-caption aligncenter\"><img loading=\"lazy\" decoding=\"async\" aria-describedby=\"caption-attachment-110062\" class=\"wp-image-110062\" src=\"http:\/\/diarioregionaljf.com.br\/wp-content\/uploads\/2018\/07\/fotob-e1530565964196.jpg\" alt=\"\" width=\"680\" height=\"522\" srcset=\"https:\/\/diarioregionaldigital.com.br\/wp-content\/uploads\/2018\/07\/fotob-e1530565964196.jpg 950w, https:\/\/diarioregionaldigital.com.br\/wp-content\/uploads\/2018\/07\/fotob-e1530565964196-300x230.jpg 300w, https:\/\/diarioregionaldigital.com.br\/wp-content\/uploads\/2018\/07\/fotob-e1530565964196-768x589.jpg 768w, https:\/\/diarioregionaldigital.com.br\/wp-content\/uploads\/2018\/07\/fotob-e1530565964196-360x276.jpg 360w\" sizes=\"auto, (max-width: 680px) 100vw, 680px\" \/><p id=\"caption-attachment-110062\" class=\"wp-caption-text\">O cantor Edimar Augusto e Liliane Gonzaga<\/p><\/div>\n<div id=\"attachment_110063\" style=\"width: 690px\" class=\"wp-caption aligncenter\"><img loading=\"lazy\" decoding=\"async\" aria-describedby=\"caption-attachment-110063\" class=\"wp-image-110063\" src=\"http:\/\/diarioregionaljf.com.br\/wp-content\/uploads\/2018\/07\/fotoc.jpg\" alt=\"\" width=\"680\" height=\"462\" srcset=\"https:\/\/diarioregionaldigital.com.br\/wp-content\/uploads\/2018\/07\/fotoc.jpg 960w, https:\/\/diarioregionaldigital.com.br\/wp-content\/uploads\/2018\/07\/fotoc-300x204.jpg 300w, https:\/\/diarioregionaldigital.com.br\/wp-content\/uploads\/2018\/07\/fotoc-768x522.jpg 768w, https:\/\/diarioregionaldigital.com.br\/wp-content\/uploads\/2018\/07\/fotoc-360x245.jpg 360w\" sizes=\"auto, (max-width: 680px) 100vw, 680px\" \/><p id=\"caption-attachment-110063\" class=\"wp-caption-text\">Os Helenos com traje t\u00edpico<\/p><\/div>\n<div id=\"attachment_110064\" style=\"width: 690px\" class=\"wp-caption aligncenter\"><img loading=\"lazy\" decoding=\"async\" aria-describedby=\"caption-attachment-110064\" class=\"wp-image-110064\" src=\"http:\/\/diarioregionaljf.com.br\/wp-content\/uploads\/2018\/07\/fotod.jpg\" alt=\"\" width=\"680\" height=\"510\" srcset=\"https:\/\/diarioregionaldigital.com.br\/wp-content\/uploads\/2018\/07\/fotod.jpg 960w, https:\/\/diarioregionaldigital.com.br\/wp-content\/uploads\/2018\/07\/fotod-300x225.jpg 300w, https:\/\/diarioregionaldigital.com.br\/wp-content\/uploads\/2018\/07\/fotod-768x576.jpg 768w, https:\/\/diarioregionaldigital.com.br\/wp-content\/uploads\/2018\/07\/fotod-360x270.jpg 360w\" sizes=\"auto, (max-width: 680px) 100vw, 680px\" \/><p id=\"caption-attachment-110064\" class=\"wp-caption-text\">Sayonara Caputo Barra, Therezinha Barra, Alessandro Debortoli (Piau), Aline Barra e La\u00eds Barra<\/p><\/div>\n<div id=\"attachment_110067\" style=\"width: 690px\" class=\"wp-caption aligncenter\"><img loading=\"lazy\" decoding=\"async\" aria-describedby=\"caption-attachment-110067\" class=\"wp-image-110067\" src=\"http:\/\/diarioregionaljf.com.br\/wp-content\/uploads\/2018\/07\/fotoe-1.jpg\" alt=\"\" width=\"680\" height=\"510\" srcset=\"https:\/\/diarioregionaldigital.com.br\/wp-content\/uploads\/2018\/07\/fotoe-1.jpg 960w, https:\/\/diarioregionaldigital.com.br\/wp-content\/uploads\/2018\/07\/fotoe-1-300x225.jpg 300w, https:\/\/diarioregionaldigital.com.br\/wp-content\/uploads\/2018\/07\/fotoe-1-768x576.jpg 768w, https:\/\/diarioregionaldigital.com.br\/wp-content\/uploads\/2018\/07\/fotoe-1-360x270.jpg 360w\" sizes=\"auto, (max-width: 680px) 100vw, 680px\" \/><p id=\"caption-attachment-110067\" class=\"wp-caption-text\">Petterson Marciano, Liliane Gonzaga e Wildemar Aquino<\/p><\/div>\n<div id=\"attachment_110066\" style=\"width: 690px\" class=\"wp-caption aligncenter\"><img loading=\"lazy\" decoding=\"async\" aria-describedby=\"caption-attachment-110066\" class=\"wp-image-110066\" src=\"http:\/\/diarioregionaljf.com.br\/wp-content\/uploads\/2018\/07\/fotog.jpg\" alt=\"\" width=\"680\" height=\"510\" srcset=\"https:\/\/diarioregionaldigital.com.br\/wp-content\/uploads\/2018\/07\/fotog.jpg 960w, https:\/\/diarioregionaldigital.com.br\/wp-content\/uploads\/2018\/07\/fotog-300x225.jpg 300w, https:\/\/diarioregionaldigital.com.br\/wp-content\/uploads\/2018\/07\/fotog-768x576.jpg 768w, https:\/\/diarioregionaldigital.com.br\/wp-content\/uploads\/2018\/07\/fotog-360x270.jpg 360w\" sizes=\"auto, (max-width: 680px) 100vw, 680px\" \/><p id=\"caption-attachment-110066\" class=\"wp-caption-text\">Ivanir Ferreira, Wildemar Aquino, Beth Ank e Liliane Gonzaga<\/p><\/div>\n<div id=\"attachment_110060\" style=\"width: 690px\" class=\"wp-caption aligncenter\"><img loading=\"lazy\" decoding=\"async\" aria-describedby=\"caption-attachment-110060\" class=\"wp-image-110060\" src=\"http:\/\/diarioregionaljf.com.br\/wp-content\/uploads\/2018\/07\/fotoh.jpg\" alt=\"\" width=\"680\" height=\"510\" srcset=\"https:\/\/diarioregionaldigital.com.br\/wp-content\/uploads\/2018\/07\/fotoh.jpg 960w, https:\/\/diarioregionaldigital.com.br\/wp-content\/uploads\/2018\/07\/fotoh-300x225.jpg 300w, https:\/\/diarioregionaldigital.com.br\/wp-content\/uploads\/2018\/07\/fotoh-768x576.jpg 768w, https:\/\/diarioregionaldigital.com.br\/wp-content\/uploads\/2018\/07\/fotoh-360x270.jpg 360w\" sizes=\"auto, (max-width: 680px) 100vw, 680px\" \/><p id=\"caption-attachment-110060\" class=\"wp-caption-text\">Z\u00e9 Kodak, Nelson Resende de Barros, Marcelo Barra, Maria Elisa e Maria Theresa Guedes Barra<\/p><\/div>\n<p style=\"text-align: center;\"><strong>FOTOSS\u00cdNTESE<\/strong><\/p>\n<p>Em boa hora a Cemig fechou acordo com a Caixa renovando a parceria. Novamente o p\u00fablico poder\u00e1 pagar sua conta de energia nas casas lot\u00e9ricas.<\/p>\n<p>Luciano Lima, mago dos flashes em Belo Horizonte, inaugurou no Memorial da Rep\u00fablica Itamar Franco a mostra \u201cA\u00e7\u00e3o do Instante\u201d. O fot\u00f3grafo com registros de manifesta\u00e7\u00f5es ocorridas na capital, questiona o que mudou no Brasil, passados cinco anos dos protestos na Copa das Confedera\u00e7\u00f5es.<\/p>\n<p>O consagrado trio mineiro Amaranto apresenta, em Juiz de Fora, o seu novo show: um tric\u00f4 de can\u00e7\u00f5es, amor e beleza. Formado pelas irm\u00e3s Fl\u00e1via, L\u00facia e Marina Ferraz, o trio Amaranto apresentar\u00e1 no dia 8 de julho, \u00e0s 16h, no Teatro Solar, Amarantinho.<\/p>\n<p>A turma gente boa do Vem pro Samba faz o maior sucesso nas tardes animadas do Card\u00e1pio Mineiro do Espa\u00e7o Mascarenhas. Eles tamb\u00e9m se apresentam em festas, anivers\u00e1rios, shows e eventos em geral. Para contratar: 98510-0548.<\/p>\n<p>Dimas Bonisatto mostra compet\u00eancia na ger\u00eancia da Ag\u00eancia Central Correios de Juiz de Fora.<\/p>\n<p>Para as festas e casual chique, Lidiane Stambassi escolheu modelos e acess\u00f3rios lindos para sua loja \u201cStambassi\u201d, na rua Braz Bernardino. P\u00e1tio Central.<\/p>\n<p>Com estrutura completa de som e luz, a Impacto eventos tem sido refer\u00eancia nas melhores festas em Juiz de Fora e regi\u00e3o.<\/p>\n<p>O elegante Rodrigo Motta j\u00e1 retornou da Bahia onde foi participar da conven\u00e7\u00e3o da Natuzzi.<\/p>\n<p>Retornando de Budapeste, Jos\u00e9 Cl\u00e1udio Braga participou do lan\u00e7amento dos novos projetos da Audi.<\/p>\n<p>A elegante Mounira Rahme est\u00e1 passando temporada chique na Fl\u00f3rida (USA).<\/p>\n<p>S.O.S: Hemominas precisa de doadores. Os estoques de fator negativo est\u00e3o em baixa. Eu fiz minha parte, fa\u00e7a a sua.<\/p>\n<p>Evoluindo: Existir \u00e9 t\u00e3o completamente fora do comum que se a consci\u00eancia de existir demorasse mais de alguns segundos, n\u00f3s enlouquecer\u00edamos. A solu\u00e7\u00e3o pra esse absurdo que se chama \u201ceu existo; a solu\u00e7\u00e3o \u00e9 amar um outro ser que, este, n\u00f3s compreendemos que exista. (Clarice Lispector). Bom dia.<\/p>\n","protected":false},"excerpt":{"rendered":"<p>Exterior Nos \u00faltimos dias, ex-diplomatas, empres\u00e1rios e pesquisadores atuaram como porta-vozes informais de setores acad\u00eamicos dos Estados Unidos que veem o Judici\u00e1rio brasileiro como fonte de instabilidade institucional. Esses acad\u00eamicos questionam a demora da Justi\u00e7a em dar uma resposta definitiva sobre a situa\u00e7\u00e3o do ex-presidente Lula, deixando o processo eleitoral em suspense. H\u00e1 uma avalia\u00e7\u00e3o [&hellip;]<\/p>\n","protected":false},"author":96,"featured_media":110061,"comment_status":"closed","ping_status":"closed","sticky":false,"template":"","format":"standard","meta":{"footnotes":""},"categories":[264],"tags":[],"class_list":["post-110081","post","type-post","status-publish","format-standard","has-post-thumbnail","hentry","category-eduardo-gomes"],"_links":{"self":[{"href":"https:\/\/diarioregionaldigital.com.br\/index.php?rest_route=\/wp\/v2\/posts\/110081","targetHints":{"allow":["GET"]}}],"collection":[{"href":"https:\/\/diarioregionaldigital.com.br\/index.php?rest_route=\/wp\/v2\/posts"}],"about":[{"href":"https:\/\/diarioregionaldigital.com.br\/index.php?rest_route=\/wp\/v2\/types\/post"}],"author":[{"embeddable":true,"href":"https:\/\/diarioregionaldigital.com.br\/index.php?rest_route=\/wp\/v2\/users\/96"}],"replies":[{"embeddable":true,"href":"https:\/\/diarioregionaldigital.com.br\/index.php?rest_route=%2Fwp%2Fv2%2Fcomments&post=110081"}],"version-history":[{"count":0,"href":"https:\/\/diarioregionaldigital.com.br\/index.php?rest_route=\/wp\/v2\/posts\/110081\/revisions"}],"wp:featuredmedia":[{"embeddable":true,"href":"https:\/\/diarioregionaldigital.com.br\/index.php?rest_route=\/wp\/v2\/media\/110061"}],"wp:attachment":[{"href":"https:\/\/diarioregionaldigital.com.br\/index.php?rest_route=%2Fwp%2Fv2%2Fmedia&parent=110081"}],"wp:term":[{"taxonomy":"category","embeddable":true,"href":"https:\/\/diarioregionaldigital.com.br\/index.php?rest_route=%2Fwp%2Fv2%2Fcategories&post=110081"},{"taxonomy":"post_tag","embeddable":true,"href":"https:\/\/diarioregionaldigital.com.br\/index.php?rest_route=%2Fwp%2Fv2%2Ftags&post=110081"}],"curies":[{"name":"wp","href":"https:\/\/api.w.org\/{rel}","templated":true}]}}