{"id":110071,"date":"2018-07-02T17:45:24","date_gmt":"2018-07-02T20:45:24","guid":{"rendered":"http:\/\/diarioregionaljf.com.br\/?p=110071"},"modified":"2018-07-02T17:49:58","modified_gmt":"2018-07-02T20:49:58","slug":"dolar-fecha-em-alta-de-087-cotado-da-r-39111","status":"publish","type":"post","link":"https:\/\/diarioregionaldigital.com.br\/?p=110071","title":{"rendered":"D\u00f3lar fecha em alta de 0,87%, cotado da R$ 3,9111"},"content":{"rendered":"<p>No primeiro preg\u00e3o do segundo semestre, o d\u00f3lar fechou em nessa segunda-feira,\u00a002, de 0,87%, cotado a R$ 3,9111 para venda. A moeda norte-americana fechou o primeiro semestre valorizada em 16,99%.<\/p>\n<p>Apesar de\u00a0<span id=\"OBJ_PREFIX_DWT2039_com_zimbra_date\" role=\"link\">ter<\/span>\u00a0anunciado na \u00faltima\u00a0<span id=\"OBJ_PREFIX_DWT2040_com_zimbra_date\" role=\"link\">sexta<\/span>-feira, 29, que continuar\u00e1 atuando no mercado cambial, o Banco Central n\u00e3o realizou, nessa segunda-feira,\u00a0nenhum leil\u00e3o extraordin\u00e1rio de<em>swap\u00a0<\/em>cambial (venda futura da moeda norte-americana) ou leil\u00e3o de linha (venda com promessa de recompra). Os investidores seguem atentos ao com\u00e9rcio exterior, principalmente com guerra comercial anunciada entre Estados Unidos e China e os efeitos das elei\u00e7\u00f5es no Brasil em outubro.<\/p>\n<p>O Ibovespa, \u00edndice da B3 (Bolsa de Valores de S\u00e3o Paulo), fechou nessa segunda-feira,\u00a002, em alta de 0,11%, com 72.839 pontos, invertendo uma\u00a0tend\u00eancia de queda na parte da manh\u00e3, quando registrava queda de 0,97% na abertura do mercado. Os pap\u00e9is da Eletrobras e da Petrobras ajudaram no resultado positivo no primeiro preg\u00e3o do segundo semestre, registrando alta de 1,40% (Petrobras) e 7,16% (Eletrobras).<\/p>\n<p>&nbsp;<\/p>\n<p>&nbsp;<\/p>\n<p>Fonte: Ag\u00eancia Brasil<\/p>\n","protected":false},"excerpt":{"rendered":"<p>No primeiro preg\u00e3o do segundo semestre, o d\u00f3lar fechou em nessa segunda-feira,\u00a002, de 0,87%, cotado a R$ 3,9111 para venda. A moeda norte-americana fechou o primeiro semestre valorizada em 16,99%. Apesar de\u00a0ter\u00a0anunciado na \u00faltima\u00a0sexta-feira, 29, que continuar\u00e1 atuando no mercado cambial, o Banco Central n\u00e3o realizou, nessa segunda-feira,\u00a0nenhum leil\u00e3o extraordin\u00e1rio deswap\u00a0cambial (venda futura da moeda [&hellip;]<\/p>\n","protected":false},"author":96,"featured_media":107540,"comment_status":"closed","ping_status":"closed","sticky":false,"template":"","format":"standard","meta":{"footnotes":""},"categories":[261,439],"tags":[],"class_list":["post-110071","post","type-post","status-publish","format-standard","has-post-thumbnail","hentry","category-economia","category-ultima-hora"],"_links":{"self":[{"href":"https:\/\/diarioregionaldigital.com.br\/index.php?rest_route=\/wp\/v2\/posts\/110071","targetHints":{"allow":["GET"]}}],"collection":[{"href":"https:\/\/diarioregionaldigital.com.br\/index.php?rest_route=\/wp\/v2\/posts"}],"about":[{"href":"https:\/\/diarioregionaldigital.com.br\/index.php?rest_route=\/wp\/v2\/types\/post"}],"author":[{"embeddable":true,"href":"https:\/\/diarioregionaldigital.com.br\/index.php?rest_route=\/wp\/v2\/users\/96"}],"replies":[{"embeddable":true,"href":"https:\/\/diarioregionaldigital.com.br\/index.php?rest_route=%2Fwp%2Fv2%2Fcomments&post=110071"}],"version-history":[{"count":0,"href":"https:\/\/diarioregionaldigital.com.br\/index.php?rest_route=\/wp\/v2\/posts\/110071\/revisions"}],"wp:featuredmedia":[{"embeddable":true,"href":"https:\/\/diarioregionaldigital.com.br\/index.php?rest_route=\/wp\/v2\/media\/107540"}],"wp:attachment":[{"href":"https:\/\/diarioregionaldigital.com.br\/index.php?rest_route=%2Fwp%2Fv2%2Fmedia&parent=110071"}],"wp:term":[{"taxonomy":"category","embeddable":true,"href":"https:\/\/diarioregionaldigital.com.br\/index.php?rest_route=%2Fwp%2Fv2%2Fcategories&post=110071"},{"taxonomy":"post_tag","embeddable":true,"href":"https:\/\/diarioregionaldigital.com.br\/index.php?rest_route=%2Fwp%2Fv2%2Ftags&post=110071"}],"curies":[{"name":"wp","href":"https:\/\/api.w.org\/{rel}","templated":true}]}}