{"id":110046,"date":"2018-07-02T16:24:34","date_gmt":"2018-07-02T19:24:34","guid":{"rendered":"http:\/\/diarioregionaljf.com.br\/?p=110046"},"modified":"2018-07-02T16:33:41","modified_gmt":"2018-07-02T19:33:41","slug":"prefeitura-de-chacara-promove-atividades-para-a-populacao-no-final-de-semana","status":"publish","type":"post","link":"https:\/\/diarioregionaldigital.com.br\/?p=110046","title":{"rendered":"Prefeitura de Ch\u00e1cara promove atividades para a popula\u00e7\u00e3o no final de semana"},"content":{"rendered":"<div class=\"m_-2803489043686261840m_-4655680913211784026pre\">A Prefeitura de Ch\u00e1cara, promoveu, na manh\u00e3 desse domingo, dia 1\u00ba, a I Caminhada Ecol\u00f3gica e o I Passeio Cicl\u00edstico da \u00c1gua Santa. De acordo com o chefe da Se\u00e7\u00e3o de Esportes de Ch\u00e1cara, Fernando Alvim, o objetivo do evento \u00e9 promover a pr\u00e1tica de atividade f\u00edsica, a preserva\u00e7\u00e3o da natureza e o fortalecimento da f\u00e9.Ap\u00f3s o caf\u00e9 da manh\u00e3 servido pela organiza\u00e7\u00e3o do evento na Pra\u00e7a Nicolau Mostaro, os participantes seguiram para o Santu\u00e1rio da \u00c1gua Santa, localizado no munic\u00edpio de Bicas. Mais de 150 pessoas participaram do evento que teve percurso de 20 Km. Ambul\u00e2ncias e carros de apoio estiveram presentes durante todo o trajeto. Na capela do Santu\u00e1rio, fi\u00e9is participaram \u00a0de um momento de reza e ora\u00e7\u00e3o.<\/p>\n<p>Para o morador de Ch\u00e1cara Juarez Souza, 70, a experi\u00eancia foi marcante. &#8220;Eu nunca tinha feito uma caminhada deste tamanho. Foi muito bom ter participado&#8221;, disse. O prefeito de Ch\u00e1cara, Emerson Duque, tamb\u00e9m completou o trajeto. &#8220;Al\u00e9m de poder contemplar belas paisagens durante a caminhada, a paz que sentimos ao chegar no Santu\u00e1rio de \u00c1gua Santa \u00e9 indescrit\u00edvel&#8221;, disse o prefeito.<\/p>\n<\/div>\n<div class=\"m_-2803489043686261840m_-4655680913211784026pre\"><\/div>\n<div class=\"m_-2803489043686261840m_-4655680913211784026pre\">O Santu\u00e1rio de \u00c1gua Santa recebeu esse nome por causa de uma hist\u00f3ria conhecida desde 1860, quando a cidade de Bicas era conhecida como de Arraial das Tab\u00f4as.\u00a0Um grupo de escravos com feridas pelo corpo foram levados para o local, onde havia \u00e1gua em abund\u00e2ncia e inhame rosa para alimenta\u00e7\u00e3o. Passado algum tempo, eles voltaram para a fazenda inteiramente curados e atribu\u00edram a cura \u00e0 essa \u00e1gua.<\/div>\n<div class=\"m_-2803489043686261840m_-4655680913211784026pre\"><\/div>\n<div class=\"m_-2803489043686261840m_-4655680913211784026pre\">Tamb\u00e9m participaram do evento aproximadamente noventa membros do Grupo Caminhada da F\u00e9, de Juiz de Fora, que se prepara para enfrentar mais de 300 Km numa romaria at\u00e9 o Santu\u00e1rio Nacional de Aparecida, em S\u00e3o Paulo.<\/div>\n<p>&nbsp;<\/p>\n<p><strong>Prefeitura de Ch\u00e1cara promoveu a\u00e7\u00e3o comunit\u00e1ria &#8220;II Cidadania em a\u00e7\u00e3o&#8221;<\/strong><\/p>\n<div class=\"m_-2803489043686261840m_-4655680913211784026pre\">\n<p>Milhares de pessoas participaram do evento de a\u00e7\u00e3o comunit\u00e1ria &#8220;II Cidadania em A\u00e7\u00e3o&#8221;, promovido pela Prefeitura de Ch\u00e1cara nesse s\u00e1bado, 30, na pra\u00e7a Nicolau Mostaro.<\/p>\n<p>A popula\u00e7\u00e3o contou com os servi\u00e7os de emiss\u00e3o de CPF, vacina\u00e7\u00e3o, exame de glicemia, medi\u00e7\u00e3o de press\u00e3o arterial, corte de cabelo, entre outros.<\/p>\n<p>Diversas a\u00e7\u00f5es educativas tamb\u00e9m foram realizadas, como doa\u00e7\u00e3o de livros de literatura para a biblioteca municipal, troca de lixo eletr\u00f4nico por mudas de plantas, orienta\u00e7\u00f5es sobre alimenta\u00e7\u00e3o saud\u00e1vel, doen\u00e7as sexualmente transmiss\u00edveis, direitos da crian\u00e7a e do adolescente e cuidados com a rede el\u00e9trica.<\/p>\n<p>Entre as op\u00e7\u00f5es lazer, teve mostra de artesanato, pingue-pongue, parque de divers\u00e3o, pintura de rosto e at\u00e9 um trenzinho, que percorreu as ruas da cidade com a crian\u00e7ada. Durante todo o dia, pipoca e algod\u00e3o doce foram distribu\u00eddos gratuitamente.<\/p>\n<p>Na cerim\u00f4nia de abertura, que aconteceu pela manh\u00e3, a banda musical do munic\u00edpio se apresentou. O prefeito Emerson Dami\u00e3o Duque agradeceu o p\u00fablico presente, os trabalhadores da prefeitura, os parceiros e destacou a import\u00e2ncia do evento. &#8220;A Prefeitura est\u00e1 sofrendo com a falta de repasse do Estado para o munic\u00edpio. A d\u00edvida j\u00e1 ultrapassou 588 mil, mas foi realizado um esfor\u00e7o muito grande para realizar esse evento de a\u00e7\u00e3o comunit\u00e1ria\u00a0que \u00e9 t\u00e3o importante para a popula\u00e7\u00e3o sem comprometer os servi\u00e7os b\u00e1sicos&#8221;, explicou o prefeito.<\/p>\n<p>Ainda durante a manh\u00e3, aconteceu a Caminhada pela Cidadania. \u00c0 tarde, teve culto ecum\u00eanico, apresenta\u00e7\u00e3o de coral, capoeira e muay thai dos alunos assistidos pelo Centro de Refer\u00eancia de Assist\u00eancia Social (Cras) e uma aula interativa de zumba.<\/p>\n<p>J\u00e1 a noite, o p\u00fablico participou de uma missa campal celebrada pelo Padre Pierre. O evento terminou com o show musical da dupla Franciely e Ligeirinho.<\/p>\n<p>&nbsp;<\/p>\n<\/div>\n<div>Fonte: Assessoria<\/div>\n","protected":false},"excerpt":{"rendered":"<p>A Prefeitura de Ch\u00e1cara, promoveu, na manh\u00e3 desse domingo, dia 1\u00ba, a I Caminhada Ecol\u00f3gica e o I Passeio Cicl\u00edstico da \u00c1gua Santa. De acordo com o chefe da Se\u00e7\u00e3o de Esportes de Ch\u00e1cara, Fernando Alvim, o objetivo do evento \u00e9 promover a pr\u00e1tica de atividade f\u00edsica, a preserva\u00e7\u00e3o da natureza e o fortalecimento da [&hellip;]<\/p>\n","protected":false},"author":96,"featured_media":95105,"comment_status":"closed","ping_status":"closed","sticky":false,"template":"","format":"standard","meta":{"footnotes":""},"categories":[252],"tags":[],"class_list":["post-110046","post","type-post","status-publish","format-standard","has-post-thumbnail","hentry","category-regiao"],"_links":{"self":[{"href":"https:\/\/diarioregionaldigital.com.br\/index.php?rest_route=\/wp\/v2\/posts\/110046","targetHints":{"allow":["GET"]}}],"collection":[{"href":"https:\/\/diarioregionaldigital.com.br\/index.php?rest_route=\/wp\/v2\/posts"}],"about":[{"href":"https:\/\/diarioregionaldigital.com.br\/index.php?rest_route=\/wp\/v2\/types\/post"}],"author":[{"embeddable":true,"href":"https:\/\/diarioregionaldigital.com.br\/index.php?rest_route=\/wp\/v2\/users\/96"}],"replies":[{"embeddable":true,"href":"https:\/\/diarioregionaldigital.com.br\/index.php?rest_route=%2Fwp%2Fv2%2Fcomments&post=110046"}],"version-history":[{"count":0,"href":"https:\/\/diarioregionaldigital.com.br\/index.php?rest_route=\/wp\/v2\/posts\/110046\/revisions"}],"wp:featuredmedia":[{"embeddable":true,"href":"https:\/\/diarioregionaldigital.com.br\/index.php?rest_route=\/wp\/v2\/media\/95105"}],"wp:attachment":[{"href":"https:\/\/diarioregionaldigital.com.br\/index.php?rest_route=%2Fwp%2Fv2%2Fmedia&parent=110046"}],"wp:term":[{"taxonomy":"category","embeddable":true,"href":"https:\/\/diarioregionaldigital.com.br\/index.php?rest_route=%2Fwp%2Fv2%2Fcategories&post=110046"},{"taxonomy":"post_tag","embeddable":true,"href":"https:\/\/diarioregionaldigital.com.br\/index.php?rest_route=%2Fwp%2Fv2%2Ftags&post=110046"}],"curies":[{"name":"wp","href":"https:\/\/api.w.org\/{rel}","templated":true}]}}