{"id":110042,"date":"2018-07-02T16:03:53","date_gmt":"2018-07-02T19:03:53","guid":{"rendered":"http:\/\/diarioregionaljf.com.br\/?p=110042"},"modified":"2018-07-02T19:14:57","modified_gmt":"2018-07-02T22:14:57","slug":"corpo-de-mulher-e-encontrado-no-rio-paraibuna","status":"publish","type":"post","link":"https:\/\/diarioregionaldigital.com.br\/?p=110042","title":{"rendered":"Corpo de mulher \u00e9 encontrado no Rio Paraibuna"},"content":{"rendered":"<p>O corpo de uma mulher foi encontrado na manh\u00e3 dessa segunda-feira, 2, no Rio Paraibuna, na altura do bairro Santa Terezinha, regi\u00e3o Nordeste de Juiz de Fora. O Corpo de Bombeiros e a Pol\u00edcia Militar (PM) foram acionados para atender a ocorr\u00eancia, por\u00e9m, at\u00e9 o fechamento desta edi\u00e7\u00e3o a PM n\u00e3o soube informar mais detalhes sobre a identidade da v\u00edtima, mas afirmou que o corpo j\u00e1 estava em estado de decomposi\u00e7\u00e3o e n\u00e3o apresentavam sinais vis\u00edveis de viol\u00eancia.<\/p>\n<p>Os bombeiros retiraram o corpo das \u00e1guas e encaminharam ao Instituto M\u00e9dico Legal (IML) para as futuras devidas provid\u00eancias.<\/p>\n","protected":false},"excerpt":{"rendered":"<p>O corpo de uma mulher foi encontrado na manh\u00e3 dessa segunda-feira, 2, no Rio Paraibuna, na altura do bairro Santa Terezinha, regi\u00e3o Nordeste de Juiz de Fora. O Corpo de Bombeiros e a Pol\u00edcia Militar (PM) foram acionados para atender a ocorr\u00eancia, por\u00e9m, at\u00e9 o fechamento desta edi\u00e7\u00e3o a PM n\u00e3o soube informar mais detalhes [&hellip;]<\/p>\n","protected":false},"author":96,"featured_media":110043,"comment_status":"closed","ping_status":"closed","sticky":false,"template":"","format":"standard","meta":{"footnotes":""},"categories":[253,440],"tags":[],"class_list":["post-110042","post","type-post","status-publish","format-standard","has-post-thumbnail","hentry","category-cidade","category-destaques-do-dia"],"_links":{"self":[{"href":"https:\/\/diarioregionaldigital.com.br\/index.php?rest_route=\/wp\/v2\/posts\/110042","targetHints":{"allow":["GET"]}}],"collection":[{"href":"https:\/\/diarioregionaldigital.com.br\/index.php?rest_route=\/wp\/v2\/posts"}],"about":[{"href":"https:\/\/diarioregionaldigital.com.br\/index.php?rest_route=\/wp\/v2\/types\/post"}],"author":[{"embeddable":true,"href":"https:\/\/diarioregionaldigital.com.br\/index.php?rest_route=\/wp\/v2\/users\/96"}],"replies":[{"embeddable":true,"href":"https:\/\/diarioregionaldigital.com.br\/index.php?rest_route=%2Fwp%2Fv2%2Fcomments&post=110042"}],"version-history":[{"count":0,"href":"https:\/\/diarioregionaldigital.com.br\/index.php?rest_route=\/wp\/v2\/posts\/110042\/revisions"}],"wp:featuredmedia":[{"embeddable":true,"href":"https:\/\/diarioregionaldigital.com.br\/index.php?rest_route=\/wp\/v2\/media\/110043"}],"wp:attachment":[{"href":"https:\/\/diarioregionaldigital.com.br\/index.php?rest_route=%2Fwp%2Fv2%2Fmedia&parent=110042"}],"wp:term":[{"taxonomy":"category","embeddable":true,"href":"https:\/\/diarioregionaldigital.com.br\/index.php?rest_route=%2Fwp%2Fv2%2Fcategories&post=110042"},{"taxonomy":"post_tag","embeddable":true,"href":"https:\/\/diarioregionaldigital.com.br\/index.php?rest_route=%2Fwp%2Fv2%2Ftags&post=110042"}],"curies":[{"name":"wp","href":"https:\/\/api.w.org\/{rel}","templated":true}]}}