{"id":110038,"date":"2018-07-02T15:45:04","date_gmt":"2018-07-02T18:45:04","guid":{"rendered":"http:\/\/diarioregionaljf.com.br\/?p=110038"},"modified":"2018-07-02T15:45:04","modified_gmt":"2018-07-02T18:45:04","slug":"criacao-de-parque-estadual-na-zona-da-mata-pauta-reuniao","status":"publish","type":"post","link":"https:\/\/diarioregionaldigital.com.br\/?p=110038","title":{"rendered":"Cria\u00e7\u00e3o de parque estadual na Zona da Mata pauta reuni\u00e3o"},"content":{"rendered":"<p>O Governo do Estado adiou, neste m\u00eas de junho, a assinatura do decreto de cria\u00e7\u00e3o do\u00a0Parque Estadual da Serra Negra da Mantiqueira, que abrange os munic\u00edpios de Lima Duarte, Olaria, Santa B\u00e1rbara do Monte Verde e Rio Preto, na Zona da Mata.<\/p>\n<p>Antes que a nova unidade de conserva\u00e7\u00e3o seja oficializada, a Comiss\u00e3o de Meio Ambiente e Desenvolvimento Sustent\u00e1vel da Assembleia Legislativa de Minas Gerais (ALMG) pretende discutir, em audi\u00eancia p\u00fablica, os seus\u00a0impactos na vida dos moradores das localidades que ser\u00e3o desapropriadas. A reuni\u00e3o ser\u00e1 na pr\u00f3xima quarta-feira, 4, \u00e0s 10h30, no Plenarinho I.<\/p>\n<p>O deputado Duarte Bechir (PSD), que solicitou a audi\u00eancia, \u00e9 favor\u00e1vel \u00e0 cria\u00e7\u00e3o do parque, mas pondera que \u00e9 importante escutar as reivindica\u00e7\u00f5es dos produtores e pequenos empreendedores atingidos, que tiram da pr\u00f3pria terra o seu sustento.<\/p>\n<p>\u201cO objetivo \u00e9 possibilitar que as pessoas que ser\u00e3o afetadas tenham a oportunidade de promover uma mudan\u00e7a no decreto, por menor que seja, em favor da garantia da sua sobreviv\u00eancia econ\u00f4mica\u201d, explica.<\/p>\n<p>O parque ocupar\u00e1 uma \u00e1rea de 4,3 mil hectares, em uma regi\u00e3o de grande diversidade ambiental, com esp\u00e9cies raras e amea\u00e7adas de extin\u00e7\u00e3o. Segundo o Instituto Estadual de Florestas (IEF), al\u00e9m da preserva\u00e7\u00e3o ambiental, os munic\u00edpios integrantes da \u00e1rea do parque tamb\u00e9m ser\u00e3o beneficiados com o aumento do repasse do ICMS Ecol\u00f3gico.<\/p>\n<p>Outros reflexos positivos da unidade de conserva\u00e7\u00e3o, de acordo com o IEF, ser\u00e3o a gera\u00e7\u00e3o de emprego e renda, por meio do turismo ecol\u00f3gico sustent\u00e1vel, e a valoriza\u00e7\u00e3o da cultura e dos produtos locais.<\/p>\n<p><strong>\u00a0<\/strong><\/p>\n<p><strong>Convidados <\/strong><\/p>\n<p>Foram convidados a participar da audi\u00eancia o secret\u00e1rio de Estado de Meio Ambiente e Desenvolvimento Sustent\u00e1vel, Germano Vieira, o diretor-geral do IEF, Henri Collet, al\u00e9m de autoridades dos munic\u00edpios que comp\u00f5em o parque.<\/p>\n<p>&nbsp;<\/p>\n<p>Fonte: Assessoria<\/p>\n<p>&nbsp;<\/p>\n","protected":false},"excerpt":{"rendered":"<p>O Governo do Estado adiou, neste m\u00eas de junho, a assinatura do decreto de cria\u00e7\u00e3o do\u00a0Parque Estadual da Serra Negra da Mantiqueira, que abrange os munic\u00edpios de Lima Duarte, Olaria, Santa B\u00e1rbara do Monte Verde e Rio Preto, na Zona da Mata. Antes que a nova unidade de conserva\u00e7\u00e3o seja oficializada, a Comiss\u00e3o de Meio [&hellip;]<\/p>\n","protected":false},"author":96,"featured_media":97343,"comment_status":"closed","ping_status":"closed","sticky":false,"template":"","format":"standard","meta":{"footnotes":""},"categories":[254,439],"tags":[],"class_list":["post-110038","post","type-post","status-publish","format-standard","has-post-thumbnail","hentry","category-politica","category-ultima-hora"],"_links":{"self":[{"href":"https:\/\/diarioregionaldigital.com.br\/index.php?rest_route=\/wp\/v2\/posts\/110038","targetHints":{"allow":["GET"]}}],"collection":[{"href":"https:\/\/diarioregionaldigital.com.br\/index.php?rest_route=\/wp\/v2\/posts"}],"about":[{"href":"https:\/\/diarioregionaldigital.com.br\/index.php?rest_route=\/wp\/v2\/types\/post"}],"author":[{"embeddable":true,"href":"https:\/\/diarioregionaldigital.com.br\/index.php?rest_route=\/wp\/v2\/users\/96"}],"replies":[{"embeddable":true,"href":"https:\/\/diarioregionaldigital.com.br\/index.php?rest_route=%2Fwp%2Fv2%2Fcomments&post=110038"}],"version-history":[{"count":0,"href":"https:\/\/diarioregionaldigital.com.br\/index.php?rest_route=\/wp\/v2\/posts\/110038\/revisions"}],"wp:featuredmedia":[{"embeddable":true,"href":"https:\/\/diarioregionaldigital.com.br\/index.php?rest_route=\/wp\/v2\/media\/97343"}],"wp:attachment":[{"href":"https:\/\/diarioregionaldigital.com.br\/index.php?rest_route=%2Fwp%2Fv2%2Fmedia&parent=110038"}],"wp:term":[{"taxonomy":"category","embeddable":true,"href":"https:\/\/diarioregionaldigital.com.br\/index.php?rest_route=%2Fwp%2Fv2%2Fcategories&post=110038"},{"taxonomy":"post_tag","embeddable":true,"href":"https:\/\/diarioregionaldigital.com.br\/index.php?rest_route=%2Fwp%2Fv2%2Ftags&post=110038"}],"curies":[{"name":"wp","href":"https:\/\/api.w.org\/{rel}","templated":true}]}}