{"id":110035,"date":"2018-07-02T15:24:36","date_gmt":"2018-07-02T18:24:36","guid":{"rendered":"http:\/\/diarioregionaljf.com.br\/?p=110035"},"modified":"2018-07-02T15:24:36","modified_gmt":"2018-07-02T18:24:36","slug":"cesama-realiza-manutencao-na-eta-sao-pedro-e-cidade-alta-pode-ter-abastecimento-comprometido","status":"publish","type":"post","link":"https:\/\/diarioregionaldigital.com.br\/?p=110035","title":{"rendered":"Cesama realiza manuten\u00e7\u00e3o na ETA S\u00e3o Pedro e Cidade Alta pode ter abastecimento comprometido"},"content":{"rendered":"<p>Nesta ter\u00e7a-feira, 3, a Companhia de Saneamento Municipal (Cesama) realizar\u00e1 servi\u00e7os de manuten\u00e7\u00e3o na subesta\u00e7\u00e3o de energia el\u00e9trica da Esta\u00e7\u00e3o de Tratamento de \u00c1gua (ETA) S\u00e3o Pedro, de 8h \u00e0s 14h. Para que os trabalhos sejam feitos com seguran\u00e7a, ser\u00e1 necess\u00e1rio interromper a produ\u00e7\u00e3o da unidade durante esse per\u00edodo, podendo comprometer o abastecimento de toda a regi\u00e3o da Cidade Alta.<\/p>\n<p>A Cesama pede a compreens\u00e3o dos moradores, para que economizem \u00e1gua durante os servi\u00e7os. A previs\u00e3o \u00e9 de que o fornecimento seja regularizado ainda durante a noite de ter\u00e7a-feira.<\/p>\n<p>&nbsp;<\/p>\n<p>Fonte: Assessoria<\/p>\n","protected":false},"excerpt":{"rendered":"<p>Nesta ter\u00e7a-feira, 3, a Companhia de Saneamento Municipal (Cesama) realizar\u00e1 servi\u00e7os de manuten\u00e7\u00e3o na subesta\u00e7\u00e3o de energia el\u00e9trica da Esta\u00e7\u00e3o de Tratamento de \u00c1gua (ETA) S\u00e3o Pedro, de 8h \u00e0s 14h. Para que os trabalhos sejam feitos com seguran\u00e7a, ser\u00e1 necess\u00e1rio interromper a produ\u00e7\u00e3o da unidade durante esse per\u00edodo, podendo comprometer o abastecimento de toda [&hellip;]<\/p>\n","protected":false},"author":96,"featured_media":110036,"comment_status":"closed","ping_status":"closed","sticky":false,"template":"","format":"standard","meta":{"footnotes":""},"categories":[253,440,439],"tags":[],"class_list":["post-110035","post","type-post","status-publish","format-standard","has-post-thumbnail","hentry","category-cidade","category-destaques-do-dia","category-ultima-hora"],"_links":{"self":[{"href":"https:\/\/diarioregionaldigital.com.br\/index.php?rest_route=\/wp\/v2\/posts\/110035","targetHints":{"allow":["GET"]}}],"collection":[{"href":"https:\/\/diarioregionaldigital.com.br\/index.php?rest_route=\/wp\/v2\/posts"}],"about":[{"href":"https:\/\/diarioregionaldigital.com.br\/index.php?rest_route=\/wp\/v2\/types\/post"}],"author":[{"embeddable":true,"href":"https:\/\/diarioregionaldigital.com.br\/index.php?rest_route=\/wp\/v2\/users\/96"}],"replies":[{"embeddable":true,"href":"https:\/\/diarioregionaldigital.com.br\/index.php?rest_route=%2Fwp%2Fv2%2Fcomments&post=110035"}],"version-history":[{"count":0,"href":"https:\/\/diarioregionaldigital.com.br\/index.php?rest_route=\/wp\/v2\/posts\/110035\/revisions"}],"wp:featuredmedia":[{"embeddable":true,"href":"https:\/\/diarioregionaldigital.com.br\/index.php?rest_route=\/wp\/v2\/media\/110036"}],"wp:attachment":[{"href":"https:\/\/diarioregionaldigital.com.br\/index.php?rest_route=%2Fwp%2Fv2%2Fmedia&parent=110035"}],"wp:term":[{"taxonomy":"category","embeddable":true,"href":"https:\/\/diarioregionaldigital.com.br\/index.php?rest_route=%2Fwp%2Fv2%2Fcategories&post=110035"},{"taxonomy":"post_tag","embeddable":true,"href":"https:\/\/diarioregionaldigital.com.br\/index.php?rest_route=%2Fwp%2Fv2%2Ftags&post=110035"}],"curies":[{"name":"wp","href":"https:\/\/api.w.org\/{rel}","templated":true}]}}