{"id":110032,"date":"2018-07-02T15:12:15","date_gmt":"2018-07-02T18:12:15","guid":{"rendered":"http:\/\/diarioregionaljf.com.br\/?p=110032"},"modified":"2018-07-02T15:17:19","modified_gmt":"2018-07-02T18:17:19","slug":"ligacao-para-prevencao-ao-suicidio-passa-a-ser-gratuita-em-todo-o-pais","status":"publish","type":"post","link":"https:\/\/diarioregionaldigital.com.br\/?p=110032","title":{"rendered":"Liga\u00e7\u00e3o para preven\u00e7\u00e3o ao suic\u00eddio passa a ser gratuita em todo o pa\u00eds"},"content":{"rendered":"<p>Liga\u00e7\u00f5es para o Centro de Valoriza\u00e7\u00e3o da Vida (CVV), que auxilia na preven\u00e7\u00e3o do suic\u00eddio, passaram a ser gratuitas em todo o pa\u00eds. Um acordo de coopera\u00e7\u00e3o t\u00e9cnica com o Minist\u00e9rio da Sa\u00fade, assinado em 2017, permitiu o acesso gratuito\u00a0ao servi\u00e7o, prestado pelo telefone 188.<\/p>\n<p>Por meio do n\u00famero, pessoas que sofrem de ansiedade, depress\u00e3o ou que correm risco de cometer suic\u00eddio conversam com volunt\u00e1rios da institui\u00e7\u00e3o e s\u00e3o aconselhados. Antes, o servi\u00e7o era cobrado e prestado por meio do 141.<\/p>\n<p>A liga\u00e7\u00e3o gratuita para o CVV come\u00e7ou a ser implantada em Santa Maria (RS), h\u00e1 quatro anos, ap\u00f3s o inc\u00eandio na boate Kiss, que matou 242 jovens. O centro existe h\u00e1 55 anos e tem mais de 2 mil volunt\u00e1rios atuando na preven\u00e7\u00e3o ao suic\u00eddio. A assist\u00eancia tamb\u00e9m \u00e9 prestada pessoalmente, por e-mail ou chat.<\/p>\n<p>&nbsp;<\/p>\n<p>Fonte: Assessoria<\/p>\n","protected":false},"excerpt":{"rendered":"<p>Liga\u00e7\u00f5es para o Centro de Valoriza\u00e7\u00e3o da Vida (CVV), que auxilia na preven\u00e7\u00e3o do suic\u00eddio, passaram a ser gratuitas em todo o pa\u00eds. Um acordo de coopera\u00e7\u00e3o t\u00e9cnica com o Minist\u00e9rio da Sa\u00fade, assinado em 2017, permitiu o acesso gratuito\u00a0ao servi\u00e7o, prestado pelo telefone 188. Por meio do n\u00famero, pessoas que sofrem de ansiedade, depress\u00e3o [&hellip;]<\/p>\n","protected":false},"author":96,"featured_media":110033,"comment_status":"closed","ping_status":"closed","sticky":false,"template":"","format":"standard","meta":{"footnotes":""},"categories":[302,439],"tags":[],"class_list":["post-110032","post","type-post","status-publish","format-standard","has-post-thumbnail","hentry","category-brasil-mundo","category-ultima-hora"],"_links":{"self":[{"href":"https:\/\/diarioregionaldigital.com.br\/index.php?rest_route=\/wp\/v2\/posts\/110032","targetHints":{"allow":["GET"]}}],"collection":[{"href":"https:\/\/diarioregionaldigital.com.br\/index.php?rest_route=\/wp\/v2\/posts"}],"about":[{"href":"https:\/\/diarioregionaldigital.com.br\/index.php?rest_route=\/wp\/v2\/types\/post"}],"author":[{"embeddable":true,"href":"https:\/\/diarioregionaldigital.com.br\/index.php?rest_route=\/wp\/v2\/users\/96"}],"replies":[{"embeddable":true,"href":"https:\/\/diarioregionaldigital.com.br\/index.php?rest_route=%2Fwp%2Fv2%2Fcomments&post=110032"}],"version-history":[{"count":0,"href":"https:\/\/diarioregionaldigital.com.br\/index.php?rest_route=\/wp\/v2\/posts\/110032\/revisions"}],"wp:featuredmedia":[{"embeddable":true,"href":"https:\/\/diarioregionaldigital.com.br\/index.php?rest_route=\/wp\/v2\/media\/110033"}],"wp:attachment":[{"href":"https:\/\/diarioregionaldigital.com.br\/index.php?rest_route=%2Fwp%2Fv2%2Fmedia&parent=110032"}],"wp:term":[{"taxonomy":"category","embeddable":true,"href":"https:\/\/diarioregionaldigital.com.br\/index.php?rest_route=%2Fwp%2Fv2%2Fcategories&post=110032"},{"taxonomy":"post_tag","embeddable":true,"href":"https:\/\/diarioregionaldigital.com.br\/index.php?rest_route=%2Fwp%2Fv2%2Ftags&post=110032"}],"curies":[{"name":"wp","href":"https:\/\/api.w.org\/{rel}","templated":true}]}}