{"id":110029,"date":"2018-07-02T19:05:46","date_gmt":"2018-07-02T22:05:46","guid":{"rendered":"http:\/\/diarioregionaljf.com.br\/?p=110029"},"modified":"2018-07-02T19:14:46","modified_gmt":"2018-07-02T22:14:46","slug":"guarda-municipal-realiza-blitz-contra-o-cerol","status":"publish","type":"post","link":"https:\/\/diarioregionaldigital.com.br\/?p=110029","title":{"rendered":"Guarda Municipal realiza blitz contra o cerol"},"content":{"rendered":"<p>Nesta ter\u00e7a-feira, 3, a Guarda Municipal (GM) dar\u00e1 in\u00edcio \u00e0s blitze educativas contra o uso de cerol e linhas cortantes em pipas e &#8220;papagaios&#8221; no munic\u00edpio. O projeto &#8220;Cerol: Corta Essa\u201d cumpre o papel de preven\u00e7\u00e3o a acidentes com esses materiais, muito comuns no per\u00edodo de f\u00e9rias escolares. A abordagem levar\u00e1 conscientiza\u00e7\u00e3o a crian\u00e7as e jovens, para a pr\u00e1tica da brincadeira de forma mais segura a todos. Equipes percorrer\u00e3o locais onde a pr\u00e1tica \u00e9 comum, com prop\u00f3sito de alertar as pessoas sobre os riscos que as linhas cortantes representam \u00e0 vida.<\/p>\n<p>Legisla\u00e7\u00f5es estadual e municipal refor\u00e7am a necessidade de a\u00e7\u00f5es efetivas para a restri\u00e7\u00e3o ao uso de cerol e da chamada \u201clinha chilena\u201d, que \u00e9 crime e pode levar quem for pego usando a mistura de cola e p\u00f3 de vidro a uma pena de tr\u00eas meses a um ano de pris\u00e3o. A Lei Estadual 14.349\/02 pro\u00edbe o uso de pipas com linha cortante em \u00e1reas p\u00fablicas em todo o estado de Minas. E a Lei Municipal 13.308\/16 n\u00e3o permite o com\u00e9rcio de linhas cortantes, oriundas da combina\u00e7\u00e3o entre cola de madeira, \u00f3xido de alum\u00ednio, sil\u00edcio e quartzo mo\u00eddo, conhecida por &#8220;linha chilena&#8221;, em Juiz de Fora.<\/p>\n<p>De acordo com a comandante da GM de Juiz de Fora, Emilce de Castro, a medida faz parte das a\u00e7\u00f5es preventivas da corpora\u00e7\u00e3o: \u201cTemos que entender a responsabilidade at\u00e9 nesse momento de lazer. Al\u00e9m de escolher um local adequado, longe da rede el\u00e9trica, a linha tem que ser livre de cerol&#8221;. Ap\u00f3s a volta \u00e0s aulas, o assunto ser\u00e1 debatido durante palestras a serem feitas pela Guarda junto \u00e0 comunidade escolar, atrav\u00e9s do grupo Guardas no Apoio e Preven\u00e7\u00e3o nas Escolas (Gape)&#8221;.<\/p>\n<p>O Decreto 43.585\/03, que regulamenta a lei estadual, estabelece em seu Art. 1\u00ba, par\u00e1grafo \u00fanico, que cabe \u00e0s for\u00e7as de seguran\u00e7as, inclusive \u00e0s guardas municipais, zelar pelo cumprimento da lei, mediante a\u00e7\u00f5es fiscalizadoras, administrativas e policiais.<\/p>\n<p>&nbsp;<\/p>\n<p>Fonte: Assessoria<\/p>\n","protected":false},"excerpt":{"rendered":"<p>Nesta ter\u00e7a-feira, 3, a Guarda Municipal (GM) dar\u00e1 in\u00edcio \u00e0s blitze educativas contra o uso de cerol e linhas cortantes em pipas e &#8220;papagaios&#8221; no munic\u00edpio. O projeto &#8220;Cerol: Corta Essa\u201d cumpre o papel de preven\u00e7\u00e3o a acidentes com esses materiais, muito comuns no per\u00edodo de f\u00e9rias escolares. A abordagem levar\u00e1 conscientiza\u00e7\u00e3o a crian\u00e7as e [&hellip;]<\/p>\n","protected":false},"author":96,"featured_media":110121,"comment_status":"closed","ping_status":"closed","sticky":false,"template":"","format":"standard","meta":{"footnotes":""},"categories":[253,440,439],"tags":[],"class_list":["post-110029","post","type-post","status-publish","format-standard","has-post-thumbnail","hentry","category-cidade","category-destaques-do-dia","category-ultima-hora"],"_links":{"self":[{"href":"https:\/\/diarioregionaldigital.com.br\/index.php?rest_route=\/wp\/v2\/posts\/110029","targetHints":{"allow":["GET"]}}],"collection":[{"href":"https:\/\/diarioregionaldigital.com.br\/index.php?rest_route=\/wp\/v2\/posts"}],"about":[{"href":"https:\/\/diarioregionaldigital.com.br\/index.php?rest_route=\/wp\/v2\/types\/post"}],"author":[{"embeddable":true,"href":"https:\/\/diarioregionaldigital.com.br\/index.php?rest_route=\/wp\/v2\/users\/96"}],"replies":[{"embeddable":true,"href":"https:\/\/diarioregionaldigital.com.br\/index.php?rest_route=%2Fwp%2Fv2%2Fcomments&post=110029"}],"version-history":[{"count":0,"href":"https:\/\/diarioregionaldigital.com.br\/index.php?rest_route=\/wp\/v2\/posts\/110029\/revisions"}],"wp:featuredmedia":[{"embeddable":true,"href":"https:\/\/diarioregionaldigital.com.br\/index.php?rest_route=\/wp\/v2\/media\/110121"}],"wp:attachment":[{"href":"https:\/\/diarioregionaldigital.com.br\/index.php?rest_route=%2Fwp%2Fv2%2Fmedia&parent=110029"}],"wp:term":[{"taxonomy":"category","embeddable":true,"href":"https:\/\/diarioregionaldigital.com.br\/index.php?rest_route=%2Fwp%2Fv2%2Fcategories&post=110029"},{"taxonomy":"post_tag","embeddable":true,"href":"https:\/\/diarioregionaldigital.com.br\/index.php?rest_route=%2Fwp%2Fv2%2Ftags&post=110029"}],"curies":[{"name":"wp","href":"https:\/\/api.w.org\/{rel}","templated":true}]}}